{"id":49843,"date":"2018-02-17T10:27:11","date_gmt":"2018-02-17T08:27:11","guid":{"rendered":"https:\/\/www.giurgiuveanul.ro\/stiri\/?p=49843"},"modified":"2018-02-17T10:45:17","modified_gmt":"2018-02-17T08:45:17","slug":"refuzat-sa-opreasca-la-semnalul-politistilor-si-fost-urmarit-de-ce-afla-aici","status":"publish","type":"post","link":"https:\/\/www.giurgiuveanul.ro\/stiri\/refuzat-sa-opreasca-la-semnalul-politistilor-si-fost-urmarit-de-ce-afla-aici\/","title":{"rendered":"A refuzat s\u0103 opreasc\u0103 la semnalul poli\u021bi\u0219tilor \u015fi a fost urm\u0103rit! De ce, AFL\u0102 AICI"},"content":{"rendered":"<p style=\"text-align: justify;\"><strong><a href=\"https:\/\/www.giurgiuveanul.ro\/stiri\/wp-content\/uploads\/2018\/02\/457db890ece675016d1db796d06f0382_XL.jpg\"><img loading=\"lazy\" decoding=\"async\" class=\"aligncenter size-large wp-image-49844\" src=\"https:\/\/www.giurgiuveanul.ro\/stiri\/wp-content\/uploads\/2018\/02\/457db890ece675016d1db796d06f0382_XL-560x327.jpg\" alt=\"457db890ece675016d1db796d06f0382_XL\" width=\"560\" height=\"327\" srcset=\"https:\/\/www.giurgiuveanul.ro\/stiri\/wp-content\/uploads\/2018\/02\/457db890ece675016d1db796d06f0382_XL-560x327.jpg 560w, https:\/\/www.giurgiuveanul.ro\/stiri\/wp-content\/uploads\/2018\/02\/457db890ece675016d1db796d06f0382_XL-250x146.jpg 250w, https:\/\/www.giurgiuveanul.ro\/stiri\/wp-content\/uploads\/2018\/02\/457db890ece675016d1db796d06f0382_XL-400x234.jpg 400w, https:\/\/www.giurgiuveanul.ro\/stiri\/wp-content\/uploads\/2018\/02\/457db890ece675016d1db796d06f0382_XL.jpg 744w\" sizes=\"auto, (max-width: 560px) 100vw, 560px\" \/><\/a>Un t\u00e2n\u0103r <!--more-->din comuna Bragadiru, jude\u021bul Teleorman, este cercetat pentru c\u0103 condus autoturismul pe drumurile publice sub influen\u021ba b\u0103uturilor alcoolice.<\/strong><\/p>\n<p style=\"text-align: justify;\">Ieri noapte, \u00een jurul orei 02.30, poli\u021bi\u0219tii Biroului Ordine Public\u0103 pentru Mediul Urban, de la Poli\u021bia Municipiului Giurgiu, \u00een timp ce desf\u0103\u0219urau o activitate specific\u0103 pe raza municipiului Giurgiu, au efectuat semnale regulamentare pentru oprirea unui autovehicul, \u00eens\u0103 conduc\u0103torul acestuia nu a oprit la semnalul poli\u021bi\u0219tilor, continu\u00e2nd-\u0219i deplasarea.<\/p>\n<p style=\"text-align: justify;\">Dup\u0103 urm\u0103rirea \u0219i ulterior imobilizarea autoturismului, poli\u021bi\u0219tii au constat c\u0103 \u00een acesta de aflau trei tineri, conduc\u0103torul vehiculului \u00een v\u00e2rst\u0103 de 24 ani, din comuna Bragadiru, jude\u021bul Teleorman \u0219i doi pasageri, unul de \u00a028 ani, din comuna Catina, jude\u021bul Buz\u0103u \u0219i altul de 23 de ani din aceia\u0219i localitate.<\/p>\n<p style=\"text-align: justify;\">Cei trei tineri au fost condu\u0219i la sediul Poli\u021biei Municipiu Giurgiu, iar conduc\u0103torul auto a fost testat cu aparatul alcooltest, care a indicat o valoare de 0,41 mg.\/l, alcool pur \u00een aerul expirat \u0219i a fost condus la Spitalul Jude\u021bean de Urgen\u021b\u0103 Giurgiu, unde i-au fost recoltate probe biologice de s\u00e2nge \u00een vederea stabilirii alcoolemiei.<\/p>\n<p style=\"text-align: justify;\">\u00cen cauz\u0103 a fost \u00eentocmit un dosar penal \u00een care se efectueaz\u0103 cercet\u0103ri sub aspectul s\u0103v\u00e2r\u0219irii infrac\u021biunii de conducerea unui autovehicul pe drumurile publice sub influen\u021ba alcoolului, fiind totodat\u0103 sanc\u021bionat contraven\u021bional, \u00eentruc\u00e2t autoturismul nu avea \u00eencheiat\u0103 asigurare obligatorie.<\/p>\n","protected":false},"excerpt":{"rendered":"<p>Un t\u00e2n\u0103r<\/p>\n","protected":false},"author":1,"featured_media":0,"comment_status":"open","ping_status":"open","sticky":false,"template":"","format":"standard","meta":{"footnotes":""},"categories":[6],"tags":[],"class_list":["post-49843","post","type-post","status-publish","format-standard","hentry","category-breaking-news"],"_links":{"self":[{"href":"https:\/\/www.giurgiuveanul.ro\/stiri\/wp-json\/wp\/v2\/posts\/49843","targetHints":{"allow":["GET"]}}],"collection":[{"href":"https:\/\/www.giurgiuveanul.ro\/stiri\/wp-json\/wp\/v2\/posts"}],"about":[{"href":"https:\/\/www.giurgiuveanul.ro\/stiri\/wp-json\/wp\/v2\/types\/post"}],"author":[{"embeddable":true,"href":"https:\/\/www.giurgiuveanul.ro\/stiri\/wp-json\/wp\/v2\/users\/1"}],"replies":[{"embeddable":true,"href":"https:\/\/www.giurgiuveanul.ro\/stiri\/wp-json\/wp\/v2\/comments?post=49843"}],"version-history":[{"count":0,"href":"https:\/\/www.giurgiuveanul.ro\/stiri\/wp-json\/wp\/v2\/posts\/49843\/revisions"}],"wp:attachment":[{"href":"https:\/\/www.giurgiuveanul.ro\/stiri\/wp-json\/wp\/v2\/media?parent=49843"}],"wp:term":[{"taxonomy":"category","embeddable":true,"href":"https:\/\/www.giurgiuveanul.ro\/stiri\/wp-json\/wp\/v2\/categories?post=49843"},{"taxonomy":"post_tag","embeddable":true,"href":"https:\/\/www.giurgiuveanul.ro\/stiri\/wp-json\/wp\/v2\/tags?post=49843"}],"curies":[{"name":"wp","href":"https:\/\/api.w.org\/{rel}","templated":true}]}}