{"id":49872,"date":"2018-02-18T12:42:17","date_gmt":"2018-02-18T10:42:17","guid":{"rendered":"https:\/\/www.giurgiuveanul.ro\/stiri\/?p=49872"},"modified":"2018-02-18T12:42:17","modified_gmt":"2018-02-18T10:42:17","slug":"accident-rutier-soldat-cu-trei-victime-pe-dj-602","status":"publish","type":"post","link":"https:\/\/www.giurgiuveanul.ro\/stiri\/accident-rutier-soldat-cu-trei-victime-pe-dj-602\/","title":{"rendered":"ACCIDENT RUTIER soldat cu trei victime, pe DJ 602!"},"content":{"rendered":"<p style=\"text-align: justify;\"><strong><a href=\"https:\/\/www.giurgiuveanul.ro\/stiri\/wp-content\/uploads\/2018\/02\/img3.jpg\"><img loading=\"lazy\" decoding=\"async\" class=\"aligncenter size-large wp-image-49873\" src=\"https:\/\/www.giurgiuveanul.ro\/stiri\/wp-content\/uploads\/2018\/02\/img3-560x313.jpg\" alt=\"img\" width=\"560\" height=\"313\" srcset=\"https:\/\/www.giurgiuveanul.ro\/stiri\/wp-content\/uploads\/2018\/02\/img3-560x313.jpg 560w, https:\/\/www.giurgiuveanul.ro\/stiri\/wp-content\/uploads\/2018\/02\/img3-250x140.jpg 250w, https:\/\/www.giurgiuveanul.ro\/stiri\/wp-content\/uploads\/2018\/02\/img3-400x223.jpg 400w, https:\/\/www.giurgiuveanul.ro\/stiri\/wp-content\/uploads\/2018\/02\/img3.jpg 840w\" sizes=\"auto, (max-width: 560px) 100vw, 560px\" \/><\/a>Conduc\u0103torul unui<!--more--> tractor rutier nu s-a asigurat la schimbarea direc\u021biei de mers, intr\u00e2nd \u00een coliziune cu un autoturism care se angajase regulamentar \u00een dep\u0103\u0219irea sa.<\/strong><\/p>\n<p style=\"text-align: justify;\">Ieri, 17 februarie a.c., \u00een jurul orei 15.00, un b\u0103rbat de 53 ani, din ora\u0219ul Buftea, jude\u021bul Ilfov, \u00een timp ce conducea un tractor rutier av\u00e2nd tractat\u0103 o cistern\u0103, pe Drumul Jude\u021bean 602, \u00een afara localit\u0103\u021bii S\u0103b\u0103reni, nu s-a asigurat la schimbarea direc\u021biei de mers \u0219i a intrat \u00een coliziune cu un autoturism care se angajase regulamentar \u00een dep\u0103\u0219irea sa.<\/p>\n<p style=\"text-align: justify;\">\u00cen urma accidentului a rezultat r\u0103nirea conduc\u0103torului autoturismului, de 37 de ani din comuna S\u0103b\u0103reni, \u0219i altor doi pasageri din autoturism, de 34 respectiv 10 ani, din aceia\u0219i localitate, care au fost transporta\u021bi la Spitalul ora\u0219 Bolintin Vale, \u00een vederea acord\u0103rii de \u00eengrijiri medicale \u0219i efectuarea de investiga\u021bii de specialitate.<\/p>\n<p style=\"text-align: justify;\">Ambii conduc\u0103tori auto\u00a0 au fost testa\u021bi cu aparatul alcooltest, rezultatul fiind zero alcool \u00een aerul expirat.<\/p>\n<p>&nbsp;<\/p>\n<p>Poli\u021bi\u0219tii rutieri au \u00eentocmit \u00een cauz\u0103 un dosar penal \u00een care efectueaz\u0103 cercet\u0103ri sub aspectul s\u0103v\u00e2r\u0219irii infrac\u021biunii de v\u0103t\u0103mare corporal\u0103 din culp\u0103.<\/p>\n","protected":false},"excerpt":{"rendered":"<p>Conduc\u0103torul unui<\/p>\n","protected":false},"author":1,"featured_media":0,"comment_status":"open","ping_status":"open","sticky":false,"template":"","format":"standard","meta":{"footnotes":""},"categories":[6],"tags":[],"class_list":["post-49872","post","type-post","status-publish","format-standard","hentry","category-breaking-news"],"_links":{"self":[{"href":"https:\/\/www.giurgiuveanul.ro\/stiri\/wp-json\/wp\/v2\/posts\/49872","targetHints":{"allow":["GET"]}}],"collection":[{"href":"https:\/\/www.giurgiuveanul.ro\/stiri\/wp-json\/wp\/v2\/posts"}],"about":[{"href":"https:\/\/www.giurgiuveanul.ro\/stiri\/wp-json\/wp\/v2\/types\/post"}],"author":[{"embeddable":true,"href":"https:\/\/www.giurgiuveanul.ro\/stiri\/wp-json\/wp\/v2\/users\/1"}],"replies":[{"embeddable":true,"href":"https:\/\/www.giurgiuveanul.ro\/stiri\/wp-json\/wp\/v2\/comments?post=49872"}],"version-history":[{"count":0,"href":"https:\/\/www.giurgiuveanul.ro\/stiri\/wp-json\/wp\/v2\/posts\/49872\/revisions"}],"wp:attachment":[{"href":"https:\/\/www.giurgiuveanul.ro\/stiri\/wp-json\/wp\/v2\/media?parent=49872"}],"wp:term":[{"taxonomy":"category","embeddable":true,"href":"https:\/\/www.giurgiuveanul.ro\/stiri\/wp-json\/wp\/v2\/categories?post=49872"},{"taxonomy":"post_tag","embeddable":true,"href":"https:\/\/www.giurgiuveanul.ro\/stiri\/wp-json\/wp\/v2\/tags?post=49872"}],"curies":[{"name":"wp","href":"https:\/\/api.w.org\/{rel}","templated":true}]}}