{"id":49887,"date":"2018-02-18T16:55:53","date_gmt":"2018-02-18T14:55:53","guid":{"rendered":"https:\/\/www.giurgiuveanul.ro\/stiri\/?p=49887"},"modified":"2018-02-18T16:59:54","modified_gmt":"2018-02-18T14:59:54","slug":"nicio-masina-parcata-neregulamentar-la-catedrala-episcopala-adormirea-maicii-domnului-foto","status":"publish","type":"post","link":"https:\/\/www.giurgiuveanul.ro\/stiri\/nicio-masina-parcata-neregulamentar-la-catedrala-episcopala-adormirea-maicii-domnului-foto\/","title":{"rendered":"Nicio ma\u015fin\u0103 parcat\u0103 neregulamentar, la Catedrala Episcopal\u0103 \u201cAdormirea Maicii Domnului\u201d! (FOTO)"},"content":{"rendered":"<p style=\"text-align: justify;\"><strong><a href=\"https:\/\/www.giurgiuveanul.ro\/stiri\/wp-content\/uploads\/2018\/02\/IMG_1111-2.jpg\"><img loading=\"lazy\" decoding=\"async\" class=\"aligncenter size-large wp-image-49888\" src=\"https:\/\/www.giurgiuveanul.ro\/stiri\/wp-content\/uploads\/2018\/02\/IMG_1111-2-538x450.jpg\" alt=\"IMG_1111-2\" width=\"538\" height=\"450\" srcset=\"https:\/\/www.giurgiuveanul.ro\/stiri\/wp-content\/uploads\/2018\/02\/IMG_1111-2-538x450.jpg 538w, https:\/\/www.giurgiuveanul.ro\/stiri\/wp-content\/uploads\/2018\/02\/IMG_1111-2-250x209.jpg 250w, https:\/\/www.giurgiuveanul.ro\/stiri\/wp-content\/uploads\/2018\/02\/IMG_1111-2-400x335.jpg 400w, https:\/\/www.giurgiuveanul.ro\/stiri\/wp-content\/uploads\/2018\/02\/IMG_1111-2.jpg 800w\" sizes=\"auto, (max-width: 538px) 100vw, 538px\" \/><\/a>A\u015fa dup\u0103 cum am exemplificat,<!--more--> vezi parcarea autoturismelor pe calea de access spre \u015fi\/sau dinspre Catedrala Episcopal\u0103 \u201cAdormirea Maicii Domnului\u201d, f\u0103r\u0103 dar \u0219i poate, disciplina \u00een trafic r\u0103m\u00e2ne una dintre problemele mari de care \u201csufer\u0103\u201d foarte mul\u021bi \u0219oferi giurgiuveni. Din p\u0103cate, parcarea neregulamentar\u0103, potrivit sesiz\u0103rilor venite din partea cititorilor no\u015ftri, este un fenomen \u00een cre\u0219tere la Giurgiu.<\/strong><\/p>\n<p style=\"text-align: justify;\">De aceast\u0103 dat\u0103, v\u0103 inform\u0103m c\u0103, \u00een urma sesiz\u0103rii noastre, conducerea Biroului Rutier, din cadrul Poli\u0163iei Municipiului Giurgiu, \u015fi-a \u00eendreptat aten\u021bia c\u0103tre acei \u0219oferi care parcheaz\u0103 neregulamentar \u00een zona mai sus men\u0163ionat\u0103, \u015fi nu numai.<\/p>\n<p style=\"text-align: justify;\"><a href=\"https:\/\/www.giurgiuveanul.ro\/stiri\/wp-content\/uploads\/2018\/02\/IMG_1118-2.jpg\"><img loading=\"lazy\" decoding=\"async\" class=\"aligncenter size-large wp-image-49889\" src=\"https:\/\/www.giurgiuveanul.ro\/stiri\/wp-content\/uploads\/2018\/02\/IMG_1118-2-497x450.jpg\" alt=\"IMG_1118-2\" width=\"497\" height=\"450\" srcset=\"https:\/\/www.giurgiuveanul.ro\/stiri\/wp-content\/uploads\/2018\/02\/IMG_1118-2-497x450.jpg 497w, https:\/\/www.giurgiuveanul.ro\/stiri\/wp-content\/uploads\/2018\/02\/IMG_1118-2-250x227.jpg 250w, https:\/\/www.giurgiuveanul.ro\/stiri\/wp-content\/uploads\/2018\/02\/IMG_1118-2-400x363.jpg 400w, https:\/\/www.giurgiuveanul.ro\/stiri\/wp-content\/uploads\/2018\/02\/IMG_1118-2.jpg 800w\" sizes=\"auto, (max-width: 497px) 100vw, 497px\" \/><\/a><\/p>\n<p style=\"text-align: justify;\">De vineri \u015fi p\u00e2n\u0103 ast\u0103zi, am ac\u0163ionat echipaje de poli\u021bi\u015fti de la Rutier\u0103, care au dat amenzi \u015foferilor care au parcat ma\u015finile neregulamentar, \u00een zona Catedralei, dar \u015fi \u00een alte locuri unde este \u00eent\u00e2lnit aceste fenomen.<\/p>\n<p style=\"text-align: justify;\"><a href=\"https:\/\/www.giurgiuveanul.ro\/stiri\/wp-content\/uploads\/2018\/02\/IMG_1105-2.jpg\"><img loading=\"lazy\" decoding=\"async\" class=\"aligncenter size-large wp-image-49890\" src=\"https:\/\/www.giurgiuveanul.ro\/stiri\/wp-content\/uploads\/2018\/02\/IMG_1105-2-540x450.jpg\" alt=\"IMG_1105-2\" width=\"540\" height=\"450\" srcset=\"https:\/\/www.giurgiuveanul.ro\/stiri\/wp-content\/uploads\/2018\/02\/IMG_1105-2-540x450.jpg 540w, https:\/\/www.giurgiuveanul.ro\/stiri\/wp-content\/uploads\/2018\/02\/IMG_1105-2-250x208.jpg 250w, https:\/\/www.giurgiuveanul.ro\/stiri\/wp-content\/uploads\/2018\/02\/IMG_1105-2-400x334.jpg 400w, https:\/\/www.giurgiuveanul.ro\/stiri\/wp-content\/uploads\/2018\/02\/IMG_1105-2.jpg 800w\" sizes=\"auto, (max-width: 540px) 100vw, 540px\" \/><\/a><\/p>\n<p style=\"text-align: justify;\">Ar fi nevoie, cel mai probabil, de zeci de astfel de echipaje pentru ca acest fenomen s\u0103 \u00eenceteze.<\/p>\n<p style=\"text-align: justify;\">S\u0103 amintim c\u0103 amenzile nu sunt, totu\u0219i, deloc de neglijat. Pentru parcare neregulamentar\u0103, \u0219oferul vinovat pl\u0103te\u0219te c\u00e2teva puncte amend\u0103.<\/p>\n<p style=\"text-align: justify;\">Pu\u021bin sau mult, dac\u0103 poli\u021bi\u0219tii ar fi mai prezen\u021bi, p\u00e2n\u0103 la urm\u0103 respectarea semnelor rutiere ar fi realizat\u0103 m\u0103car de frica acestora.<\/p>\n<p style=\"text-align: justify;\">\u015ei poli\u0163i\u015ftii locali pot aplica amenzi contraven\u021bionale. \u015ei ace\u015ftia au dreptul s\u0103 constate contraven\u021bii \u0219i s\u0103 aplice sanc\u021biuni pentru \u00eenc\u0103lcarea normelor legale privind oprirea, sta\u021bionarea, parcarea autovehiculelor \u0219i accesul interzis.<\/p>\n<p style=\"text-align: justify;\">Cert este c\u0103 ast\u0103zi, duminic\u0103, 18 februarie 2018, calea de acces la Catedral\u0103 a fost liber\u0103!<\/p>\n<p style=\"text-align: justify;\"><a href=\"https:\/\/www.giurgiuveanul.ro\/stiri\/wp-content\/uploads\/2018\/02\/IMG_1094-2.jpg\"><img loading=\"lazy\" decoding=\"async\" class=\"aligncenter size-large wp-image-49891\" src=\"https:\/\/www.giurgiuveanul.ro\/stiri\/wp-content\/uploads\/2018\/02\/IMG_1094-2-560x386.jpg\" alt=\"IMG_1094-2\" width=\"560\" height=\"386\" srcset=\"https:\/\/www.giurgiuveanul.ro\/stiri\/wp-content\/uploads\/2018\/02\/IMG_1094-2-560x386.jpg 560w, https:\/\/www.giurgiuveanul.ro\/stiri\/wp-content\/uploads\/2018\/02\/IMG_1094-2-250x173.jpg 250w, https:\/\/www.giurgiuveanul.ro\/stiri\/wp-content\/uploads\/2018\/02\/IMG_1094-2-400x276.jpg 400w, https:\/\/www.giurgiuveanul.ro\/stiri\/wp-content\/uploads\/2018\/02\/IMG_1094-2.jpg 800w\" sizes=\"auto, (max-width: 560px) 100vw, 560px\" \/><\/a><\/p>\n<p style=\"text-align: justify;\">ATEN\u0162IE! Poli\u0163i\u015ftii rutieri nu vor sta\u0163iona \u00een acea zon\u0103 ci vor trece prin sondaj! Nu opri\u0163i \u00een nicio zon\u0103 \u00een care parcarea este interzis\u0103, \u00een municipiul Giurgiu!<\/p>\n","protected":false},"excerpt":{"rendered":"<p>A\u015fa dup\u0103 cum am exemplificat,<\/p>\n","protected":false},"author":1,"featured_media":0,"comment_status":"open","ping_status":"open","sticky":false,"template":"","format":"standard","meta":{"footnotes":""},"categories":[6],"tags":[],"class_list":["post-49887","post","type-post","status-publish","format-standard","hentry","category-breaking-news"],"_links":{"self":[{"href":"https:\/\/www.giurgiuveanul.ro\/stiri\/wp-json\/wp\/v2\/posts\/49887","targetHints":{"allow":["GET"]}}],"collection":[{"href":"https:\/\/www.giurgiuveanul.ro\/stiri\/wp-json\/wp\/v2\/posts"}],"about":[{"href":"https:\/\/www.giurgiuveanul.ro\/stiri\/wp-json\/wp\/v2\/types\/post"}],"author":[{"embeddable":true,"href":"https:\/\/www.giurgiuveanul.ro\/stiri\/wp-json\/wp\/v2\/users\/1"}],"replies":[{"embeddable":true,"href":"https:\/\/www.giurgiuveanul.ro\/stiri\/wp-json\/wp\/v2\/comments?post=49887"}],"version-history":[{"count":0,"href":"https:\/\/www.giurgiuveanul.ro\/stiri\/wp-json\/wp\/v2\/posts\/49887\/revisions"}],"wp:attachment":[{"href":"https:\/\/www.giurgiuveanul.ro\/stiri\/wp-json\/wp\/v2\/media?parent=49887"}],"wp:term":[{"taxonomy":"category","embeddable":true,"href":"https:\/\/www.giurgiuveanul.ro\/stiri\/wp-json\/wp\/v2\/categories?post=49887"},{"taxonomy":"post_tag","embeddable":true,"href":"https:\/\/www.giurgiuveanul.ro\/stiri\/wp-json\/wp\/v2\/tags?post=49887"}],"curies":[{"name":"wp","href":"https:\/\/api.w.org\/{rel}","templated":true}]}}