{"id":49895,"date":"2018-02-19T09:01:22","date_gmt":"2018-02-19T07:01:22","guid":{"rendered":"https:\/\/www.giurgiuveanul.ro\/stiri\/?p=49895"},"modified":"2018-02-19T09:01:22","modified_gmt":"2018-02-19T07:01:22","slug":"vremea-va-deveni-instabila-la-giurgiu-ce-spun-meteorologii","status":"publish","type":"post","link":"https:\/\/www.giurgiuveanul.ro\/stiri\/vremea-va-deveni-instabila-la-giurgiu-ce-spun-meteorologii\/","title":{"rendered":"Vremea va deveni instabil\u0103 la Giurgiu! Ce spun meteorologii"},"content":{"rendered":"<p><a href=\"https:\/\/www.giurgiuveanul.ro\/stiri\/wp-content\/uploads\/2018\/02\/IMG_1415.jpg\"><img loading=\"lazy\" decoding=\"async\" class=\"aligncenter size-large wp-image-49896\" src=\"https:\/\/www.giurgiuveanul.ro\/stiri\/wp-content\/uploads\/2018\/02\/IMG_1415-560x422.jpg\" alt=\"IMG_1415\" width=\"560\" height=\"422\" srcset=\"https:\/\/www.giurgiuveanul.ro\/stiri\/wp-content\/uploads\/2018\/02\/IMG_1415-560x422.jpg 560w, https:\/\/www.giurgiuveanul.ro\/stiri\/wp-content\/uploads\/2018\/02\/IMG_1415-250x188.jpg 250w, https:\/\/www.giurgiuveanul.ro\/stiri\/wp-content\/uploads\/2018\/02\/IMG_1415-400x302.jpg 400w, https:\/\/www.giurgiuveanul.ro\/stiri\/wp-content\/uploads\/2018\/02\/IMG_1415.jpg 800w\" sizes=\"auto, (max-width: 560px) 100vw, 560px\" \/><\/a>Giurgiuvenii <!--more-->nu au noroc de un \u00eenceput de s\u0103pt\u0103m\u00e2n\u0103 bun, chiar dac\u0103 data din calendar ne spune c\u0103 \u00eenc\u0103 suntem \u00een anotimpul rece. Dac\u0103 z\u0103pezile au ocolit jude\u021bul \u00een acest an, vremea mai are c\u00e2te ceva de spus.<\/p>\n<p>Astfel, \u00een zilele care urmeaz\u0103, instabilitatea va pune st\u0103p\u00e2nire pe teritoriu.<\/p>\n<p>Norii vor acoperi cerul, v\u00e2ntul va sufla \u00een rafale, iar temperaturile scad considerabil, maxima perioadei urm\u0103toare fiind de 6 grade Celsius.<\/p>\n<p>De asemenea, precipita\u021biile vor fi sub form\u0103 de ploi, care va avea tendin\u021ba s\u0103 se transforme \u00een lapovi\u021ba \u0219i poate chiar ninsoare slab\u0103 pe timp de noapte.<\/p>\n","protected":false},"excerpt":{"rendered":"<p>Giurgiuvenii<\/p>\n","protected":false},"author":1,"featured_media":0,"comment_status":"open","ping_status":"open","sticky":false,"template":"","format":"standard","meta":{"footnotes":""},"categories":[6],"tags":[],"class_list":["post-49895","post","type-post","status-publish","format-standard","hentry","category-breaking-news"],"_links":{"self":[{"href":"https:\/\/www.giurgiuveanul.ro\/stiri\/wp-json\/wp\/v2\/posts\/49895","targetHints":{"allow":["GET"]}}],"collection":[{"href":"https:\/\/www.giurgiuveanul.ro\/stiri\/wp-json\/wp\/v2\/posts"}],"about":[{"href":"https:\/\/www.giurgiuveanul.ro\/stiri\/wp-json\/wp\/v2\/types\/post"}],"author":[{"embeddable":true,"href":"https:\/\/www.giurgiuveanul.ro\/stiri\/wp-json\/wp\/v2\/users\/1"}],"replies":[{"embeddable":true,"href":"https:\/\/www.giurgiuveanul.ro\/stiri\/wp-json\/wp\/v2\/comments?post=49895"}],"version-history":[{"count":0,"href":"https:\/\/www.giurgiuveanul.ro\/stiri\/wp-json\/wp\/v2\/posts\/49895\/revisions"}],"wp:attachment":[{"href":"https:\/\/www.giurgiuveanul.ro\/stiri\/wp-json\/wp\/v2\/media?parent=49895"}],"wp:term":[{"taxonomy":"category","embeddable":true,"href":"https:\/\/www.giurgiuveanul.ro\/stiri\/wp-json\/wp\/v2\/categories?post=49895"},{"taxonomy":"post_tag","embeddable":true,"href":"https:\/\/www.giurgiuveanul.ro\/stiri\/wp-json\/wp\/v2\/tags?post=49895"}],"curies":[{"name":"wp","href":"https:\/\/api.w.org\/{rel}","templated":true}]}}