{"id":49917,"date":"2018-02-19T19:09:06","date_gmt":"2018-02-19T17:09:06","guid":{"rendered":"https:\/\/www.giurgiuveanul.ro\/stiri\/?p=49917"},"modified":"2018-02-21T19:23:13","modified_gmt":"2018-02-21T17:23:13","slug":"spectacol-umanitar-organizat-de-alde-si-tlde-giurgiu-din-solidaritate-pentru-bucur-ionut-adrian","status":"publish","type":"post","link":"https:\/\/www.giurgiuveanul.ro\/stiri\/spectacol-umanitar-organizat-de-alde-si-tlde-giurgiu-din-solidaritate-pentru-bucur-ionut-adrian\/","title":{"rendered":"SPECTACOL UMANITAR, organizat de ALDE \u015fi TLDE Giurgiu: \u201cDin solidaritate pentru Bucur Ionu\u0163 Adrian\u201d! Vino \u015fi tu!"},"content":{"rendered":"<p style=\"text-align: justify;\"><strong><a href=\"https:\/\/www.giurgiuveanul.ro\/stiri\/wp-content\/uploads\/2018\/02\/AFIS.jpg\"><img loading=\"lazy\" decoding=\"async\" class=\"aligncenter size-large wp-image-49918\" src=\"https:\/\/www.giurgiuveanul.ro\/stiri\/wp-content\/uploads\/2018\/02\/AFIS-318x450.jpg\" alt=\"AFIS\" width=\"318\" height=\"450\" srcset=\"https:\/\/www.giurgiuveanul.ro\/stiri\/wp-content\/uploads\/2018\/02\/AFIS-318x450.jpg 318w, https:\/\/www.giurgiuveanul.ro\/stiri\/wp-content\/uploads\/2018\/02\/AFIS-212x300.jpg 212w, https:\/\/www.giurgiuveanul.ro\/stiri\/wp-content\/uploads\/2018\/02\/AFIS-400x566.jpg 400w\" sizes=\"auto, (max-width: 318px) 100vw, 318px\" \/><\/a>Ionu\u0163 Adrian Bucur are nevoie de noi, to\u0163i, ca s\u0103 poat\u0103 p\u0103\u015fi, din nou, \u00een via\u0163\u0103, ca un t\u00e2n\u0103r normal. Acum nu<!--more--> \u00ee\u015fi mai simte picioarele. \u00cel putem ajuta particip\u00e2nd \u00een num\u0103r c\u0103t mai mare la spectacolul umanitar care va avea loc pe data de 21 februarie a.c., ora 17:00, la Teatrul \u201cTudor Vianu\u201d din Giurgiu sau putem dona bani \u00een contul RO61INGB0000999907296347, deschis la ING Bank, pe numele Alexe \u015eerban C\u0103t\u0103lin Petru\u0163.<\/strong><\/p>\n<p style=\"text-align: justify;\">Sala mare a Teatrului \u201cTudor Vianu\u201d din Giurgiu va g\u0103zdui miercuri, 21 februarie 2018, \u00eencep\u00e2nd cu orele 17:00, un spectacol de caritate pentru t\u00e2n\u0103rul giurgiuvean Ionu\u0163 Adrian Bucur.<\/p>\n<p style=\"text-align: justify;\">Ini\u0163ativa organizatorilor s-a bucurat de sprijinul pre\u015fedintelui Consiliului Jude\u0163ean Giurgiu, Marian Mina, c\u0103ruia ace\u015ftia \u00eei mul\u0163umesc \u015fi pe aceast\u0103 cale.<\/p>\n<p style=\"text-align: justify;\">Liderii ALDE \u015fi TLDE Giurgiu au preg\u0103tit o list\u0103 de invita\u0163i care vor urca pe scen\u0103: <strong>\u201cMillenium Art\u201d, \u201cMugura\u015f de S\u0103lcioar\u0103\u201d, Eduard Pascu, Alin Trocan<\/strong> \u015fi <strong>Reta Baltag<\/strong>.<\/p>\n<p style=\"text-align: justify;\">Au fost invita\u0163i, al\u0103turi de voi, dragi cititori, to\u0163i \u015fefii institu\u0163ilor deconcentrate, dar \u015fi militare, din Giurgiu, pentru a contribui cu obolul lor la salvarea t\u00e2n\u0103rului <strong>Ionu\u0163 Adrian Bucur<\/strong>.<\/p>\n<p style=\"text-align: justify;\">La final, spectatorii vor putea face dona\u0163ii pentru a contribui la costurile enorme <strong>(30.000 de Euro)<\/strong> care le implic\u0103 o opera\u0163ie \u00een str\u0103in\u0103tate,\u00a0singura \u015fans\u0103 la o via\u0163\u0103 normal\u0103&#8230; pentru Ionu\u0163 Adrian Bucur.<\/p>\n<p style=\"text-align: justify;\">Intrarea este liber\u0103 dar sunt a\u015fteptate dona\u0163ii din partea tuturor pentru Ionu\u0163 Adrian Bucur, \u00een contul contul <strong>RO61INGB0000999907296347<\/strong>, deschis la <strong>ING Bank<\/strong>, pe numele <strong>Alexe \u015eerban C\u0103t\u0103lin Petru\u0163<\/strong>.<\/p>\n","protected":false},"excerpt":{"rendered":"<p>Ionu\u0163 Adrian Bucur are nevoie de noi, to\u0163i, ca s\u0103 poat\u0103 p\u0103\u015fi, din nou, \u00een via\u0163\u0103, ca un t\u00e2n\u0103r normal. Acum nu<\/p>\n","protected":false},"author":1,"featured_media":0,"comment_status":"open","ping_status":"open","sticky":false,"template":"","format":"standard","meta":{"footnotes":""},"categories":[6],"tags":[],"class_list":["post-49917","post","type-post","status-publish","format-standard","hentry","category-breaking-news"],"_links":{"self":[{"href":"https:\/\/www.giurgiuveanul.ro\/stiri\/wp-json\/wp\/v2\/posts\/49917","targetHints":{"allow":["GET"]}}],"collection":[{"href":"https:\/\/www.giurgiuveanul.ro\/stiri\/wp-json\/wp\/v2\/posts"}],"about":[{"href":"https:\/\/www.giurgiuveanul.ro\/stiri\/wp-json\/wp\/v2\/types\/post"}],"author":[{"embeddable":true,"href":"https:\/\/www.giurgiuveanul.ro\/stiri\/wp-json\/wp\/v2\/users\/1"}],"replies":[{"embeddable":true,"href":"https:\/\/www.giurgiuveanul.ro\/stiri\/wp-json\/wp\/v2\/comments?post=49917"}],"version-history":[{"count":0,"href":"https:\/\/www.giurgiuveanul.ro\/stiri\/wp-json\/wp\/v2\/posts\/49917\/revisions"}],"wp:attachment":[{"href":"https:\/\/www.giurgiuveanul.ro\/stiri\/wp-json\/wp\/v2\/media?parent=49917"}],"wp:term":[{"taxonomy":"category","embeddable":true,"href":"https:\/\/www.giurgiuveanul.ro\/stiri\/wp-json\/wp\/v2\/categories?post=49917"},{"taxonomy":"post_tag","embeddable":true,"href":"https:\/\/www.giurgiuveanul.ro\/stiri\/wp-json\/wp\/v2\/tags?post=49917"}],"curies":[{"name":"wp","href":"https:\/\/api.w.org\/{rel}","templated":true}]}}