{"id":49923,"date":"2018-02-20T08:42:15","date_gmt":"2018-02-20T06:42:15","guid":{"rendered":"https:\/\/www.giurgiuveanul.ro\/stiri\/?p=49923"},"modified":"2018-02-20T08:42:15","modified_gmt":"2018-02-20T06:42:15","slug":"perchezitii-la-persoane-cercetate-pentru-contrabanda-cu-tigari-in-giurgiu","status":"publish","type":"post","link":"https:\/\/www.giurgiuveanul.ro\/stiri\/perchezitii-la-persoane-cercetate-pentru-contrabanda-cu-tigari-in-giurgiu\/","title":{"rendered":"Perchezi\u021bii la persoane cercetate pentru contraband\u0103 cu \u021big\u0103ri, \u00een Giurgiu"},"content":{"rendered":"<p style=\"text-align: justify;\"><strong><a href=\"https:\/\/www.giurgiuveanul.ro\/stiri\/wp-content\/uploads\/2018\/02\/mascat-lovit-cu-capul-in-gura-de-un-obsedat-sexual-patron-al-unei-shaormerii-146751.jpg\"><img loading=\"lazy\" decoding=\"async\" class=\"aligncenter size-large wp-image-49924\" src=\"https:\/\/www.giurgiuveanul.ro\/stiri\/wp-content\/uploads\/2018\/02\/mascat-lovit-cu-capul-in-gura-de-un-obsedat-sexual-patron-al-unei-shaormerii-146751-560x315.jpg\" alt=\"mascat-lovit-cu-capul-in-gura-de-un-obsedat-sexual-patron-al-unei-shaormerii-146751\" width=\"560\" height=\"315\" srcset=\"https:\/\/www.giurgiuveanul.ro\/stiri\/wp-content\/uploads\/2018\/02\/mascat-lovit-cu-capul-in-gura-de-un-obsedat-sexual-patron-al-unei-shaormerii-146751-560x315.jpg 560w, https:\/\/www.giurgiuveanul.ro\/stiri\/wp-content\/uploads\/2018\/02\/mascat-lovit-cu-capul-in-gura-de-un-obsedat-sexual-patron-al-unei-shaormerii-146751-250x141.jpg 250w, https:\/\/www.giurgiuveanul.ro\/stiri\/wp-content\/uploads\/2018\/02\/mascat-lovit-cu-capul-in-gura-de-un-obsedat-sexual-patron-al-unei-shaormerii-146751-400x225.jpg 400w, https:\/\/www.giurgiuveanul.ro\/stiri\/wp-content\/uploads\/2018\/02\/mascat-lovit-cu-capul-in-gura-de-un-obsedat-sexual-patron-al-unei-shaormerii-146751.jpg 1171w\" sizes=\"auto, (max-width: 560px) 100vw, 560px\" \/><\/a>Poli\u021bi\u0219tii giurgiuveni au <!--more-->re\u021binut o persoan\u0103 \u00een urma perchezi\u021biilor domiciliare efectuate la persoane care aveau ca preocup\u0103ri distribuirea \u021big\u0103rilor de contraband\u0103 pe raza municipiului Giurgiu.<\/strong><\/p>\n<p style=\"text-align: justify;\">Poli\u021bi\u0219ti din cadrul Serviciului de Investigare a Criminalit\u0103\u021bii Economice de la Inspectoratul de Poli\u021bie Jude\u021bean Giurgiu \u0219i Poli\u021biei Municipiului Giurgiu, cu sprijinul Serviciului de Ac\u021biuni Speciale, sub supravegherea procurorului din cadrul Parchetului de pe l\u00e2ng\u0103 Judec\u0103toria Giurgiu, au pus \u00een executare mai multe mandate de perchezi\u021bie domiciliar\u0103 la locuin\u021bele unor persoane din municipiul Giurgiu, suspectate de s\u0103v\u00e2r\u0219irea infrac\u021biunii de contraband\u0103 cu \u021bigarete.<\/p>\n<p style=\"text-align: justify;\">Astfel, poli\u021bi\u0219ti din cadrul Inspectoratului de Poli\u021bie Jude\u021bean Giurgiu au efectuat dou\u0103 perchezi\u021bii domiciliare \u00een municipiul Giurgiu, la un b\u0103rbat, de 40 ani \u0219i o femeie, de 37 ani, b\u0103nui\u021bi c\u0103 au achizi\u021bionat \u0219i comercializat \u021big\u0103ri provenite din contraband\u0103 pe raza municipiului Giurgiu.<\/p>\n<p style=\"text-align: justify;\">\u00cen urma activit\u0103\u021bilor, a fost identificat\u0103 cantitatea total\u0103 de <strong>4.360 de \u021bigarete<\/strong> (cu timbru fiscal din Republica Moldova sau f\u0103r\u0103 marcaje fiscale), provenite din contraband\u0103.<\/p>\n<p style=\"text-align: justify;\">Persoanele \u00een cauz\u0103 au fost conduse la sediul Inspectoratului de Poli\u021bie Jude\u021bean Giurgiu pentru continuarea cercet\u0103rilor, sub aspectul s\u0103v\u00e2r\u0219irii infrac\u021biunilor de \u201ede\u021binerea, transportul, desfacerea \u0219i v\u00e2nzarea bunurilor sau a m\u0103rfurilor care trebuie plasate sub un regim vamal cunosc\u00e2nd c\u0103 acestea provin din contraband\u0103 sau sunt destinate s\u0103v\u00e2r\u0219irii acesteia, fa\u021b\u0103 de b\u0103rbat fiind luat\u0103 m\u0103sura preventiv\u0103 a re\u021binerii pentru o perioad\u0103 de 24 ore.<\/p>\n","protected":false},"excerpt":{"rendered":"<p>Poli\u021bi\u0219tii giurgiuveni au<\/p>\n","protected":false},"author":1,"featured_media":0,"comment_status":"open","ping_status":"open","sticky":false,"template":"","format":"standard","meta":{"footnotes":""},"categories":[6],"tags":[],"class_list":["post-49923","post","type-post","status-publish","format-standard","hentry","category-breaking-news"],"_links":{"self":[{"href":"https:\/\/www.giurgiuveanul.ro\/stiri\/wp-json\/wp\/v2\/posts\/49923","targetHints":{"allow":["GET"]}}],"collection":[{"href":"https:\/\/www.giurgiuveanul.ro\/stiri\/wp-json\/wp\/v2\/posts"}],"about":[{"href":"https:\/\/www.giurgiuveanul.ro\/stiri\/wp-json\/wp\/v2\/types\/post"}],"author":[{"embeddable":true,"href":"https:\/\/www.giurgiuveanul.ro\/stiri\/wp-json\/wp\/v2\/users\/1"}],"replies":[{"embeddable":true,"href":"https:\/\/www.giurgiuveanul.ro\/stiri\/wp-json\/wp\/v2\/comments?post=49923"}],"version-history":[{"count":0,"href":"https:\/\/www.giurgiuveanul.ro\/stiri\/wp-json\/wp\/v2\/posts\/49923\/revisions"}],"wp:attachment":[{"href":"https:\/\/www.giurgiuveanul.ro\/stiri\/wp-json\/wp\/v2\/media?parent=49923"}],"wp:term":[{"taxonomy":"category","embeddable":true,"href":"https:\/\/www.giurgiuveanul.ro\/stiri\/wp-json\/wp\/v2\/categories?post=49923"},{"taxonomy":"post_tag","embeddable":true,"href":"https:\/\/www.giurgiuveanul.ro\/stiri\/wp-json\/wp\/v2\/tags?post=49923"}],"curies":[{"name":"wp","href":"https:\/\/api.w.org\/{rel}","templated":true}]}}