{"id":49967,"date":"2018-02-20T19:34:10","date_gmt":"2018-02-20T17:34:10","guid":{"rendered":"https:\/\/www.giurgiuveanul.ro\/stiri\/?p=49967"},"modified":"2018-02-20T19:34:10","modified_gmt":"2018-02-20T17:34:10","slug":"tanar-giurgiuvean-cercetat-pentru-tentativa-de-furt-calificat-si-amenintare-respectiv-pentru-nerespectarea-masurii-preventive-arestului-la-domiciliu","status":"publish","type":"post","link":"https:\/\/www.giurgiuveanul.ro\/stiri\/tanar-giurgiuvean-cercetat-pentru-tentativa-de-furt-calificat-si-amenintare-respectiv-pentru-nerespectarea-masurii-preventive-arestului-la-domiciliu\/","title":{"rendered":"T\u00e2n\u0103r giurgiuvean&#8230; cercetat pentru tentativ\u0103 de furt calificat \u0219i amenin\u021bare, respectiv pentru nerespectarea m\u0103surii preventive a arestului la domiciliu"},"content":{"rendered":"<p style=\"text-align: justify;\"><strong><a href=\"https:\/\/www.giurgiuveanul.ro\/stiri\/wp-content\/uploads\/2018\/02\/dosare_penale-psnews.ro_.jpg\"><img loading=\"lazy\" decoding=\"async\" class=\"aligncenter size-large wp-image-49968\" src=\"https:\/\/www.giurgiuveanul.ro\/stiri\/wp-content\/uploads\/2018\/02\/dosare_penale-psnews.ro_-560x315.jpg\" alt=\"dosare_penale-psnews.ro_\" width=\"560\" height=\"315\" srcset=\"https:\/\/www.giurgiuveanul.ro\/stiri\/wp-content\/uploads\/2018\/02\/dosare_penale-psnews.ro_-560x315.jpg 560w, https:\/\/www.giurgiuveanul.ro\/stiri\/wp-content\/uploads\/2018\/02\/dosare_penale-psnews.ro_-250x140.jpg 250w, https:\/\/www.giurgiuveanul.ro\/stiri\/wp-content\/uploads\/2018\/02\/dosare_penale-psnews.ro_-400x225.jpg 400w, https:\/\/www.giurgiuveanul.ro\/stiri\/wp-content\/uploads\/2018\/02\/dosare_penale-psnews.ro_.jpg 728w\" sizes=\"auto, (max-width: 560px) 100vw, 560px\" \/><\/a>Poli\u021bi\u0219tii giurgiuveni efectueaz\u0103 cercet\u0103ri fa\u021b\u0103 de un t\u00e2n\u0103r, de 18 ani, <!--more-->din comuna Daia, care, de\u0219i executa m\u0103sura arestului la domiciliu, a amenin\u021bat o femeie din aceea\u0219i localitatea \u0219i a \u00eencercat s\u0103-i sustrag\u0103 c\u00e2inele.<\/strong><\/p>\n<p style=\"text-align: justify;\">Recent poli\u021bi\u0219tii au fost sesiza\u021bi prin Sistemul Na\u021bional Unic pentru Apeluri de Urgen\u021b\u0103 112 de c\u0103tre o femeie din comuna Daia, jude\u021bul Giurgiu, cu privire la faptul c\u0103, \u00een aceea\u0219i zi, un t\u00e2n\u0103r de 18 ani, din aceea\u0219i localitate, a \u00eencercat s\u0103-i sustrag\u0103 un c\u00e2ine \u0219i i-a adresat injurii \u0219i amenin\u021b\u0103ri.<\/p>\n<p style=\"text-align: justify;\">\u00cen urma sesiz\u0103rii \u0219i a cercet\u0103rilor efectuate de poli\u021bi\u0219tii Sec\u021biei nr. 7 de Poli\u021bie Rural\u0103 B\u0103neasa \u0219i ai Postului de Poli\u021bie Daia s-a stabilit c\u0103, \u00een data de 18.02.2018, jurul orei 13.00, t\u00e2n\u0103rul a p\u0103truns f\u0103r\u0103 drept \u00een curtea femeii cu inten\u021bia de a-i sustrage un c\u00e2ine \u0219i ulterior a amenin\u021bat-o, cu scopul de a o determina s\u0103 nu sesizeze organele de poli\u021bie.<\/p>\n<p style=\"text-align: justify;\">\u00cen cauz\u0103 a fost \u00eentocmit un dosar penal \u00een care poli\u021bi\u0219tii efectueaz\u0103 cercet\u0103ri fa\u021b\u0103 de acesta sub aspectul comiterii infrac\u021biunilor de tentativ\u0103 de furt calificat \u0219i amenin\u021barea.<\/p>\n<p style=\"text-align: justify;\">Totodat\u0103, poli\u021bi\u0219tii Biroului Supravegheri Judiciare, s-au sesizat cu privire la faptul c\u0103, prin p\u0103r\u0103sirea domiciliului, t\u00e2n\u0103rul a \u00eenc\u0103lcat m\u0103sura preventiv\u0103 a arestului la domiciliu, dispus\u0103 de Judec\u0103toria Giurgiu \u0219i au \u00eentocmit o sesizare c\u0103tre organul judiciar care a dispus m\u0103sura cu privire la \u00eenc\u0103lcarea obliga\u021biilor stabilite prin m\u0103sura preventiv\u0103.<\/p>\n","protected":false},"excerpt":{"rendered":"<p>Poli\u021bi\u0219tii giurgiuveni efectueaz\u0103 cercet\u0103ri fa\u021b\u0103 de un t\u00e2n\u0103r, de 18 ani,<\/p>\n","protected":false},"author":1,"featured_media":0,"comment_status":"open","ping_status":"open","sticky":false,"template":"","format":"standard","meta":{"footnotes":""},"categories":[6],"tags":[],"class_list":["post-49967","post","type-post","status-publish","format-standard","hentry","category-breaking-news"],"_links":{"self":[{"href":"https:\/\/www.giurgiuveanul.ro\/stiri\/wp-json\/wp\/v2\/posts\/49967","targetHints":{"allow":["GET"]}}],"collection":[{"href":"https:\/\/www.giurgiuveanul.ro\/stiri\/wp-json\/wp\/v2\/posts"}],"about":[{"href":"https:\/\/www.giurgiuveanul.ro\/stiri\/wp-json\/wp\/v2\/types\/post"}],"author":[{"embeddable":true,"href":"https:\/\/www.giurgiuveanul.ro\/stiri\/wp-json\/wp\/v2\/users\/1"}],"replies":[{"embeddable":true,"href":"https:\/\/www.giurgiuveanul.ro\/stiri\/wp-json\/wp\/v2\/comments?post=49967"}],"version-history":[{"count":0,"href":"https:\/\/www.giurgiuveanul.ro\/stiri\/wp-json\/wp\/v2\/posts\/49967\/revisions"}],"wp:attachment":[{"href":"https:\/\/www.giurgiuveanul.ro\/stiri\/wp-json\/wp\/v2\/media?parent=49967"}],"wp:term":[{"taxonomy":"category","embeddable":true,"href":"https:\/\/www.giurgiuveanul.ro\/stiri\/wp-json\/wp\/v2\/categories?post=49967"},{"taxonomy":"post_tag","embeddable":true,"href":"https:\/\/www.giurgiuveanul.ro\/stiri\/wp-json\/wp\/v2\/tags?post=49967"}],"curies":[{"name":"wp","href":"https:\/\/api.w.org\/{rel}","templated":true}]}}