{"id":49971,"date":"2018-02-21T09:50:03","date_gmt":"2018-02-21T07:50:03","guid":{"rendered":"https:\/\/www.giurgiuveanul.ro\/stiri\/?p=49971"},"modified":"2018-02-21T09:50:03","modified_gmt":"2018-02-21T07:50:03","slug":"inundatii-la-calugareni","status":"publish","type":"post","link":"https:\/\/www.giurgiuveanul.ro\/stiri\/inundatii-la-calugareni\/","title":{"rendered":"Inunda\u021bii la C\u0103lug\u0103reni!"},"content":{"rendered":"<p style=\"text-align: justify;\"><strong><a href=\"https:\/\/www.giurgiuveanul.ro\/stiri\/wp-content\/uploads\/2018\/02\/IMG_20180219_105723.jpg\"><img loading=\"lazy\" decoding=\"async\" class=\"aligncenter size-large wp-image-49972\" src=\"https:\/\/www.giurgiuveanul.ro\/stiri\/wp-content\/uploads\/2018\/02\/IMG_20180219_105723-560x420.jpg\" alt=\"bty\" width=\"560\" height=\"420\" srcset=\"https:\/\/www.giurgiuveanul.ro\/stiri\/wp-content\/uploads\/2018\/02\/IMG_20180219_105723-560x420.jpg 560w, https:\/\/www.giurgiuveanul.ro\/stiri\/wp-content\/uploads\/2018\/02\/IMG_20180219_105723-250x188.jpg 250w, https:\/\/www.giurgiuveanul.ro\/stiri\/wp-content\/uploads\/2018\/02\/IMG_20180219_105723-400x300.jpg 400w\" sizes=\"auto, (max-width: 560px) 100vw, 560px\" \/><\/a>R\u00e2ul Neajlov a ie\u0219it din matc\u0103 \u0219i a inundat <!--more-->zona din imediata apropiere a t\u00e2rgului de animale, dar \u0219i o bun\u0103 parte din perimetrul \u00een care func\u021bioneaz\u0103 acesta. Autorit\u0103\u021bile dau \u00eens\u0103 asigur\u0103ri c\u0103 apele Neajlovului vor sc\u0103dea \u00een perioada urm\u0103toare \u0219i c\u0103 acestea vor fi sub cotele de aten\u021bie.<\/strong><\/p>\n<p style=\"text-align: justify;\">Ieri, \u0219eful ISU Giurgiu, <strong>colonelul Emil Apostol<\/strong>, a afirmat c\u0103 din punct de vedere hidrologic, sunt dep\u0103\u0219iri ale cotelor de aten\u021bie \u00een trei puncte, pe r\u00e2ul Glavacioc, unde la sta\u0163ia hidrologic\u0103 Crovu, la data de 19 februarie, era o dep\u0103\u015fire cu trei centimetri a cotei de aten\u0163ie de dou\u0103 sute de centimetri, dar trebuie men\u0163ionat faptul c\u0103 nivelul cotei de pericol este de trei sute de centimetri \u015fi \u00een momentul de fa\u0163\u0103 situa\u0163ia este monitorizat\u0103 de Comitetele locale pentru situa\u0163ii de urgen\u0163\u0103 \u015fi de cei de la Serviciul de Gospod\u0103rire a Apelor.<\/p>\n<p style=\"text-align: justify;\">\u00cen ceea ce prive\u015fte r\u00e2ul Neajlov, la sta\u0163ia de m\u0103surare de la Vadu Lat, duminic\u0103 se \u00eenregistra o cot\u0103 de 163 de centimetri, asta \u00eensemn\u00e2nd\u00a0 o cre\u015ftere peste cota de aten\u0163ie de 150 de centimetri, dar cota de pericol este de 260 de centimetri.<\/p>\n<p style=\"text-align: justify;\">Problema s-a mutat spre C\u0103lug\u0103reni, a declarat Apostol, unde cota era ieri de 206 centimetri, asta \u00eensemn\u00e2nd o cre\u015ftere cu 20 de centimetri fa\u0163\u0103 de ziua anterioar\u0103. Trebuie precizat c\u0103 \u00eenc\u0103 nu s-a atins cota de aten\u0163ie de 220 de centimetri.<\/p>\n<p style=\"text-align: justify;\">\u0218eful ISU sus\u021bine c\u0103 prognoza speciali\u015ftilor este c\u0103 \u00een urm\u0103toarele trei zile apele vor \u00eencepe s\u0103 scad\u0103 \u015fi a atras aten\u0163ia asupra faptului c\u0103, de c\u00e2\u0163iva ani, jude\u0163ul Giurgiu se confrunt\u0103 cu o nou\u0103 particularitate, inunda\u0163iile de iarn\u0103.<\/p>\n<p style=\"text-align: justify;\"><em>\u201cDe c\u00e2\u0163iva ani avem fenomenul acesta pentru c\u0103 au fost temperaturi pozitive iarna. Reprezint\u0103 o noutate \u015fi pentru noi aceste inunda\u0163ii de iarn\u0103, dar trebuie men\u0163ionat c\u0103, \u00een clipa de fa\u0163\u0103, nu avem gospod\u0103rii sau locuin\u0163e afectate, am avut c\u00e2teva interven\u0163ii la Mih\u0103ile\u015fti, Novaci \u015fi Comana, dar acestea au fost strict generate de b\u0103ltiri \u015fi averse de ploaie, nu din rev\u0103rs\u0103ri de r\u00e2uri\u201d<\/em>, a \u00eencheiat colonelul Emil Apostol.<\/p>\n","protected":false},"excerpt":{"rendered":"<p>R\u00e2ul Neajlov a ie\u0219it din matc\u0103 \u0219i a inundat<\/p>\n","protected":false},"author":1,"featured_media":0,"comment_status":"open","ping_status":"open","sticky":false,"template":"","format":"standard","meta":{"footnotes":""},"categories":[6],"tags":[],"class_list":["post-49971","post","type-post","status-publish","format-standard","hentry","category-breaking-news"],"_links":{"self":[{"href":"https:\/\/www.giurgiuveanul.ro\/stiri\/wp-json\/wp\/v2\/posts\/49971","targetHints":{"allow":["GET"]}}],"collection":[{"href":"https:\/\/www.giurgiuveanul.ro\/stiri\/wp-json\/wp\/v2\/posts"}],"about":[{"href":"https:\/\/www.giurgiuveanul.ro\/stiri\/wp-json\/wp\/v2\/types\/post"}],"author":[{"embeddable":true,"href":"https:\/\/www.giurgiuveanul.ro\/stiri\/wp-json\/wp\/v2\/users\/1"}],"replies":[{"embeddable":true,"href":"https:\/\/www.giurgiuveanul.ro\/stiri\/wp-json\/wp\/v2\/comments?post=49971"}],"version-history":[{"count":0,"href":"https:\/\/www.giurgiuveanul.ro\/stiri\/wp-json\/wp\/v2\/posts\/49971\/revisions"}],"wp:attachment":[{"href":"https:\/\/www.giurgiuveanul.ro\/stiri\/wp-json\/wp\/v2\/media?parent=49971"}],"wp:term":[{"taxonomy":"category","embeddable":true,"href":"https:\/\/www.giurgiuveanul.ro\/stiri\/wp-json\/wp\/v2\/categories?post=49971"},{"taxonomy":"post_tag","embeddable":true,"href":"https:\/\/www.giurgiuveanul.ro\/stiri\/wp-json\/wp\/v2\/tags?post=49971"}],"curies":[{"name":"wp","href":"https:\/\/api.w.org\/{rel}","templated":true}]}}