{"id":49981,"date":"2018-02-21T14:39:19","date_gmt":"2018-02-21T12:39:19","guid":{"rendered":"https:\/\/www.giurgiuveanul.ro\/stiri\/?p=49981"},"modified":"2018-02-21T19:17:58","modified_gmt":"2018-02-21T17:17:58","slug":"fara-curent-si-fara-caldura-elevii-de-la-scolile-din-chiriacu-au-tremurat-azi-de-frig","status":"publish","type":"post","link":"https:\/\/www.giurgiuveanul.ro\/stiri\/fara-curent-si-fara-caldura-elevii-de-la-scolile-din-chiriacu-au-tremurat-azi-de-frig\/","title":{"rendered":"F\u0102R\u0102 CURENT \u015eI F\u0102R\u0102 C\u0102LDUR\u0102! Elevii de la \u015fcolile din Chiriacu au tremurat azi de frig!"},"content":{"rendered":"<p style=\"text-align: justify;\"><strong><a href=\"https:\/\/www.giurgiuveanul.ro\/stiri\/wp-content\/uploads\/2018\/02\/shutterstock_528005623-800x517.jpg\"><img loading=\"lazy\" decoding=\"async\" class=\"aligncenter size-large wp-image-49982\" src=\"https:\/\/www.giurgiuveanul.ro\/stiri\/wp-content\/uploads\/2018\/02\/shutterstock_528005623-800x517-560x362.jpg\" alt=\"shutterstock_528005623-800x517\" width=\"560\" height=\"362\" srcset=\"https:\/\/www.giurgiuveanul.ro\/stiri\/wp-content\/uploads\/2018\/02\/shutterstock_528005623-800x517-560x362.jpg 560w, https:\/\/www.giurgiuveanul.ro\/stiri\/wp-content\/uploads\/2018\/02\/shutterstock_528005623-800x517-250x162.jpg 250w, https:\/\/www.giurgiuveanul.ro\/stiri\/wp-content\/uploads\/2018\/02\/shutterstock_528005623-800x517-400x259.jpg 400w, https:\/\/www.giurgiuveanul.ro\/stiri\/wp-content\/uploads\/2018\/02\/shutterstock_528005623-800x517.jpg 800w\" sizes=\"auto, (max-width: 560px) 100vw, 560px\" \/><\/a>Ceea ce trebuia s\u0103 fie ast\u0103zi o zi normal\u0103 de \u015fcoal\u0103\u2026 s-a transformat \u00eentr-o dezam\u0103gire, dar \u015fi \u00eentr-un co\u015fmar, pentru <!--more-->copii \u015fi pentru cadrele didactice care \u00eei au \u00een grij\u0103: \u00een clasele studiu a fost mai frig dec\u00e2t afar\u0103!<\/strong><\/p>\n<p style=\"text-align: justify;\">S-a \u00eent\u00e2mplat la dou\u0103 \u015fcoli de pe raza localit\u0103\u0163ii Chiriacu, comuna Izvoarele, care ast\u0103zi nu au avut curent electric \u015fi nici c\u0103ldur\u0103.<\/p>\n<p style=\"text-align: justify;\">Mai mul\u0163i p\u0103rin\u0163i ne-a sesizat aceast\u0103 situa\u0163ie anormal\u0103, pe care, la r\u00e2ndul nostru, o supunem aten\u0163iei autorit\u0103\u0163ilor.<\/p>\n<p style=\"text-align: justify;\"><em>\u201cNu se poate a\u015fa ceva, este inacceptabil! O parte dintre copii erau \u015fi bolnavi. Cei care \u015ftiau de acest lucru nu au avut nici m\u0103car bunul sim\u0163 s\u0103 ne anun\u0163e, s\u0103 nu mai trimitem copiii la \u015fcoal\u0103. Toat\u0103 lumea din \u015fcoal\u0103 e revoltat\u0103\u201d,<\/em> ne-a declarat (telefonic) un p\u0103rinte.<\/p>\n<p style=\"text-align: justify;\">P\u0103rin\u0163ii spun c\u0103, \u00een primul r\u00e2nd, cei care vor avea de suferit vor fi elevii, fiind \u00een pericol de a se \u00eemboln\u0103vi.<\/p>\n","protected":false},"excerpt":{"rendered":"<p>Ceea ce trebuia s\u0103 fie ast\u0103zi o zi normal\u0103 de \u015fcoal\u0103\u2026 s-a transformat \u00eentr-o dezam\u0103gire, dar \u015fi \u00eentr-un co\u015fmar, pentru<\/p>\n","protected":false},"author":1,"featured_media":0,"comment_status":"open","ping_status":"open","sticky":false,"template":"","format":"standard","meta":{"footnotes":""},"categories":[6],"tags":[],"class_list":["post-49981","post","type-post","status-publish","format-standard","hentry","category-breaking-news"],"_links":{"self":[{"href":"https:\/\/www.giurgiuveanul.ro\/stiri\/wp-json\/wp\/v2\/posts\/49981","targetHints":{"allow":["GET"]}}],"collection":[{"href":"https:\/\/www.giurgiuveanul.ro\/stiri\/wp-json\/wp\/v2\/posts"}],"about":[{"href":"https:\/\/www.giurgiuveanul.ro\/stiri\/wp-json\/wp\/v2\/types\/post"}],"author":[{"embeddable":true,"href":"https:\/\/www.giurgiuveanul.ro\/stiri\/wp-json\/wp\/v2\/users\/1"}],"replies":[{"embeddable":true,"href":"https:\/\/www.giurgiuveanul.ro\/stiri\/wp-json\/wp\/v2\/comments?post=49981"}],"version-history":[{"count":0,"href":"https:\/\/www.giurgiuveanul.ro\/stiri\/wp-json\/wp\/v2\/posts\/49981\/revisions"}],"wp:attachment":[{"href":"https:\/\/www.giurgiuveanul.ro\/stiri\/wp-json\/wp\/v2\/media?parent=49981"}],"wp:term":[{"taxonomy":"category","embeddable":true,"href":"https:\/\/www.giurgiuveanul.ro\/stiri\/wp-json\/wp\/v2\/categories?post=49981"},{"taxonomy":"post_tag","embeddable":true,"href":"https:\/\/www.giurgiuveanul.ro\/stiri\/wp-json\/wp\/v2\/tags?post=49981"}],"curies":[{"name":"wp","href":"https:\/\/api.w.org\/{rel}","templated":true}]}}