{"id":49984,"date":"2018-02-21T19:14:03","date_gmt":"2018-02-21T17:14:03","guid":{"rendered":"https:\/\/www.giurgiuveanul.ro\/stiri\/?p=49984"},"modified":"2018-02-21T19:15:08","modified_gmt":"2018-02-21T17:15:08","slug":"primarul-silviu-cazacu-la-izvoarele-enel-ul-oprit-curentul-noi-luat-toate-masurile","status":"publish","type":"post","link":"https:\/\/www.giurgiuveanul.ro\/stiri\/primarul-silviu-cazacu-la-izvoarele-enel-ul-oprit-curentul-noi-luat-toate-masurile\/","title":{"rendered":"Primarul Silviu Cazacu: \u201cLa Chiriacu\u2026 ENEL-ul a oprit curentul. Noi am luat toate m\u0103surile!\u201d"},"content":{"rendered":"<p style=\"text-align: justify;\"><a href=\"https:\/\/www.giurgiuveanul.ro\/stiri\/wp-content\/uploads\/2018\/02\/silviu-cazacu.jpg\"><img loading=\"lazy\" decoding=\"async\" class=\"aligncenter size-large wp-image-49985\" src=\"https:\/\/www.giurgiuveanul.ro\/stiri\/wp-content\/uploads\/2018\/02\/silviu-cazacu-560x373.jpg\" alt=\"silviu-cazacu\" width=\"560\" height=\"373\" srcset=\"https:\/\/www.giurgiuveanul.ro\/stiri\/wp-content\/uploads\/2018\/02\/silviu-cazacu-560x373.jpg 560w, https:\/\/www.giurgiuveanul.ro\/stiri\/wp-content\/uploads\/2018\/02\/silviu-cazacu-250x167.jpg 250w, https:\/\/www.giurgiuveanul.ro\/stiri\/wp-content\/uploads\/2018\/02\/silviu-cazacu-400x267.jpg 400w, https:\/\/www.giurgiuveanul.ro\/stiri\/wp-content\/uploads\/2018\/02\/silviu-cazacu.jpg 960w\" sizes=\"auto, (max-width: 560px) 100vw, 560px\" \/><\/a>\u00cen urma articolului nostru, \u201cF\u0102R\u0102 CURENT \u015eI F\u0102R\u0102 C\u0102LDUR\u0102! Elevii de la \u015fcolile din Chiriacu au tremurat azi de frig!\u201d, primarul comunei Izvoarele, <strong>Silviu Cazacu <\/strong><em>(foto)<\/em>,<!--more--> ne-a declarat urm\u0103toarele: <em>\u201c\u00centr-adev\u0103r, curentul electric a fost oprit, \u00eens\u0103 noi am luat toate care se puteau lua \u00eenainte. Astfel, am l\u0103sat centrala s\u0103 func\u0163ioneze toat\u0103 noaptea ca s\u0103 poat\u0103 \u00eenc\u0103lzi \u015fcolile. Nu s-a tremurat \u00een clase, a\u015fa cum au reclamat acei p\u0103rin\u0163i. Chiar \u015fi eu am copilul la \u015fcoal\u0103 \u015fi v\u0103 spun sincer au fost 19-20 de grade. A fost vorba de ni\u015fte repara\u0163ii efectuate de ENEL-l \u015fi noi nu am avut ce face. M\u00e2ine totul va reveni la normal\u201d<\/em>, ne-a asigurat edilul \u015fef al localit\u0103\u0163ii.<\/p>\n<p style=\"text-align: justify;\">\u015ei inspectorul general \u015fcolar al I\u015eJ Giurgiu, <strong>profesor Gigi Opri\u015fan<\/strong>, ne-a declarat c\u0103 situa\u0163ia nu a fost chiar a\u015fa de rea.<\/p>\n<p style=\"text-align: justify;\"><em>\u201cSe \u015ftia de aceast\u0103 repara\u0163ie a ENEL, s-au luat m\u0103suri \u00eenainte, \u00een sensul c\u0103 s-a \u00eenc\u0103lzit \u015fcoala toat\u0103 noaptea, am avut asigur\u0103ri din partea domnului primar \u00een acest sens \u015fi chiar a\u015fa au stat lucrurile. A fost \u015fi un pic de exagerare \u00een ceea ce au reclamat p\u0103rin\u0163ii la redac\u0163ie\u201d<\/em>, a precizat inspectorul general al I\u015eJ Giurgiu.<\/p>\n","protected":false},"excerpt":{"rendered":"<p>\u00cen urma articolului nostru, \u201cF\u0102R\u0102 CURENT \u015eI F\u0102R\u0102 C\u0102LDUR\u0102! Elevii de la \u015fcolile din Chiriacu au tremurat azi de frig!\u201d, primarul comunei Izvoarele, Silviu Cazacu (foto),<\/p>\n","protected":false},"author":1,"featured_media":0,"comment_status":"open","ping_status":"open","sticky":false,"template":"","format":"standard","meta":{"footnotes":""},"categories":[6],"tags":[],"class_list":["post-49984","post","type-post","status-publish","format-standard","hentry","category-breaking-news"],"_links":{"self":[{"href":"https:\/\/www.giurgiuveanul.ro\/stiri\/wp-json\/wp\/v2\/posts\/49984","targetHints":{"allow":["GET"]}}],"collection":[{"href":"https:\/\/www.giurgiuveanul.ro\/stiri\/wp-json\/wp\/v2\/posts"}],"about":[{"href":"https:\/\/www.giurgiuveanul.ro\/stiri\/wp-json\/wp\/v2\/types\/post"}],"author":[{"embeddable":true,"href":"https:\/\/www.giurgiuveanul.ro\/stiri\/wp-json\/wp\/v2\/users\/1"}],"replies":[{"embeddable":true,"href":"https:\/\/www.giurgiuveanul.ro\/stiri\/wp-json\/wp\/v2\/comments?post=49984"}],"version-history":[{"count":0,"href":"https:\/\/www.giurgiuveanul.ro\/stiri\/wp-json\/wp\/v2\/posts\/49984\/revisions"}],"wp:attachment":[{"href":"https:\/\/www.giurgiuveanul.ro\/stiri\/wp-json\/wp\/v2\/media?parent=49984"}],"wp:term":[{"taxonomy":"category","embeddable":true,"href":"https:\/\/www.giurgiuveanul.ro\/stiri\/wp-json\/wp\/v2\/categories?post=49984"},{"taxonomy":"post_tag","embeddable":true,"href":"https:\/\/www.giurgiuveanul.ro\/stiri\/wp-json\/wp\/v2\/tags?post=49984"}],"curies":[{"name":"wp","href":"https:\/\/api.w.org\/{rel}","templated":true}]}}