{"id":49992,"date":"2018-02-22T08:33:38","date_gmt":"2018-02-22T06:33:38","guid":{"rendered":"https:\/\/www.giurgiuveanul.ro\/stiri\/?p=49992"},"modified":"2018-02-22T08:33:38","modified_gmt":"2018-02-22T06:33:38","slug":"vacanta-de-vara-mai-scurta-cand-incepe-viitorul-scolar","status":"publish","type":"post","link":"https:\/\/www.giurgiuveanul.ro\/stiri\/vacanta-de-vara-mai-scurta-cand-incepe-viitorul-scolar\/","title":{"rendered":"Vacan\u021b\u0103 de var\u0103 mai scurt\u0103! C\u00e2nd \u00eencepe viitorul an \u0219colar"},"content":{"rendered":"<p style=\"text-align: justify;\"><strong><a href=\"https:\/\/www.giurgiuveanul.ro\/stiri\/wp-content\/uploads\/2018\/02\/social_vacanta-mare.jpg\"><img loading=\"lazy\" decoding=\"async\" class=\"aligncenter size-full wp-image-49993\" src=\"https:\/\/www.giurgiuveanul.ro\/stiri\/wp-content\/uploads\/2018\/02\/social_vacanta-mare.jpg\" alt=\"social_vacanta-mare\" width=\"450\" height=\"254\" srcset=\"https:\/\/www.giurgiuveanul.ro\/stiri\/wp-content\/uploads\/2018\/02\/social_vacanta-mare.jpg 450w, https:\/\/www.giurgiuveanul.ro\/stiri\/wp-content\/uploads\/2018\/02\/social_vacanta-mare-250x141.jpg 250w, https:\/\/www.giurgiuveanul.ro\/stiri\/wp-content\/uploads\/2018\/02\/social_vacanta-mare-400x226.jpg 400w\" sizes=\"auto, (max-width: 450px) 100vw, 450px\" \/><\/a>Ministrul Educa\u0163iei Na\u0163ionale,<!--more--> Valentin Popa, a aprobat prin ordin structura anului \u015fcolar 2018-2019. Potrivit documentului, cursurile noului an \u015fcolar \u00eencep luni, 10 septembrie, \u015fi \u00eensumeaz\u0103 168 de zile lucr\u0103toare (34 de s\u0103pt\u0103m\u00e2ni). Structura anului \u015fcolar cuprinde semestrul I (10 septembrie 2018 &#8211; 1 februarie 2019) \u015fi semestrul al II-lea (11 februarie 2019 &#8211; 14 iunie 2019).\u00a0<\/strong><\/p>\n<p style=\"text-align: justify;\">Vacan\u0163ele elevilor din toate ciclurile de \u00eenv\u0103\u0163\u0103m\u00e2nt sunt programate astfel: vacan\u0163a de iarn\u0103 (22 decembrie 2018 &#8211; 13 ianuarie 2019), vacan\u0163\u0103 intersemestrial\u0103 (2 &#8211; 10 februarie 2019), vacan\u0163a de prim\u0103var\u0103 (20 aprilie &#8211; 5 mai 2019) \u015fi vacan\u0163a de var\u0103 (15 iunie &#8211; 15 septembrie 2019).<\/p>\n<p style=\"text-align: justify;\"><strong>Pentru cei mici, vacan\u0163\u0103 suplimentar\u0103<\/strong><\/p>\n<p style=\"text-align: justify;\">Suplimentar, clasele din \u00eenv\u0103\u0163\u0103m\u00e2ntul primar \u015fi grupele din \u00eenv\u0103\u0163\u0103m\u00e2ntul pre\u015fcolar beneficiaz\u0103 de vacan\u0163\u0103 \u00een s\u0103pt\u0103m\u00e2na 27 octombrie &#8211; 4 noiembrie 2018. Pentru clasele terminale din \u00eenv\u0103\u0163\u0103m\u00eentul liceal, anul \u015fcolar se \u00eencheie \u00een data de 31 mai 2019, iar pentru clasa a VIII-a, \u00een data de 7 iunie 2019.<\/p>\n<p style=\"text-align: justify;\">Programul na\u0163ional \u201e\u015ecoala altfel\u201c are o durat\u0103 de 5 zile consecutive lucr\u0103toare \u00een timpul anului \u015fcolar \u015fi poate fi derulat \u00een perioada 1 octombrie 2018 &#8211; 31 mai 2019, pe baza unei planific\u0103ri ce r\u0103m\u00eene la decizia \u015fcolilor. Desf\u0103\u015furarea programului \u201e\u015ecoala altfel\u201c nu coincide cu perioada alocat\u0103 sus\u0163inerii tezelor semestriale. Acestea vor avea loc, de regul\u0103, la finalul semestrelor, dup\u0103 parcurgerea programei \u015fcolare, cu cel pu\u0163in trei s\u0103pt\u0103m\u00e2ni \u00eenainte de finalul semestrului.<\/p>\n<p style=\"text-align: justify;\">Etapele na\u0163ionale ale olimpiadelor \u015fcolare se organizeaz\u0103, \u00een general, \u00een perioada vacan\u0163ei de prim\u0103var\u0103, potrivit unui calendar specific. Unit\u0103\u0163ile de \u00eenv\u0103\u0163\u0103m\u00e2nt \u015fi inspectoratele \u015fcolare vor marca prin manifest\u0103ri specifice ziua de 5 octombrie &#8211; Ziua Interna\u0163ional\u0103 a Educa\u0163iei \u015fi ziua de 5 iunie &#8211; Ziua \u00cenv\u0103\u0163\u0103torului, \u00een m\u0103sura \u00een care, prin contractul colectiv de munc\u0103 aplicabil, nu sunt instituite ca zile nelucr\u0103toare. \u00cen situa\u0163ii deosebite, bine fundamentate, \u00een func\u0163ie de condi\u0163iile climatice \u015fi de specificul zonei \u015fi al \u015fcolii, inspectoratele \u015fcolare jude\u0163ene pot aproba, la cererea conducerii unit\u0103\u0163ilor de \u00eenv\u0103\u0163\u0103m\u00eent, modific\u0103ri ale structurii anului \u015fcolar.<\/p>\n<p style=\"text-align: justify;\">Acestea se pot aproba numai \u00een m\u0103sura \u00een care se asigur\u0103 parcurgerea integral\u0103 a programelor \u015fcolare. Recuperarea cursurilor suspendate ca urmare a unor situa\u0163ii obiective de urgen\u0163\u0103 (intemperii, epidemii, calamit\u0103\u0163i naturale) nu se poate realiza \u00een perioada vacan\u0163elor \u015fcolare.<\/p>\n","protected":false},"excerpt":{"rendered":"<p>Ministrul Educa\u0163iei Na\u0163ionale,<\/p>\n","protected":false},"author":1,"featured_media":0,"comment_status":"open","ping_status":"open","sticky":false,"template":"","format":"standard","meta":{"footnotes":""},"categories":[6],"tags":[],"class_list":["post-49992","post","type-post","status-publish","format-standard","hentry","category-breaking-news"],"_links":{"self":[{"href":"https:\/\/www.giurgiuveanul.ro\/stiri\/wp-json\/wp\/v2\/posts\/49992","targetHints":{"allow":["GET"]}}],"collection":[{"href":"https:\/\/www.giurgiuveanul.ro\/stiri\/wp-json\/wp\/v2\/posts"}],"about":[{"href":"https:\/\/www.giurgiuveanul.ro\/stiri\/wp-json\/wp\/v2\/types\/post"}],"author":[{"embeddable":true,"href":"https:\/\/www.giurgiuveanul.ro\/stiri\/wp-json\/wp\/v2\/users\/1"}],"replies":[{"embeddable":true,"href":"https:\/\/www.giurgiuveanul.ro\/stiri\/wp-json\/wp\/v2\/comments?post=49992"}],"version-history":[{"count":0,"href":"https:\/\/www.giurgiuveanul.ro\/stiri\/wp-json\/wp\/v2\/posts\/49992\/revisions"}],"wp:attachment":[{"href":"https:\/\/www.giurgiuveanul.ro\/stiri\/wp-json\/wp\/v2\/media?parent=49992"}],"wp:term":[{"taxonomy":"category","embeddable":true,"href":"https:\/\/www.giurgiuveanul.ro\/stiri\/wp-json\/wp\/v2\/categories?post=49992"},{"taxonomy":"post_tag","embeddable":true,"href":"https:\/\/www.giurgiuveanul.ro\/stiri\/wp-json\/wp\/v2\/tags?post=49992"}],"curies":[{"name":"wp","href":"https:\/\/api.w.org\/{rel}","templated":true}]}}