{"id":50043,"date":"2018-02-23T09:48:56","date_gmt":"2018-02-23T07:48:56","guid":{"rendered":"https:\/\/www.giurgiuveanul.ro\/stiri\/?p=50043"},"modified":"2018-02-23T09:48:56","modified_gmt":"2018-02-23T07:48:56","slug":"perchezitii-la-giurgiu-8","status":"publish","type":"post","link":"https:\/\/www.giurgiuveanul.ro\/stiri\/perchezitii-la-giurgiu-8\/","title":{"rendered":"Perchezi\u0163ii la Giurgiu!"},"content":{"rendered":"<p style=\"text-align: justify;\"><a href=\"https:\/\/www.giurgiuveanul.ro\/stiri\/wp-content\/uploads\/2018\/02\/IMG_2900.jpg\"><img loading=\"lazy\" decoding=\"async\" class=\"aligncenter size-large wp-image-50044\" src=\"https:\/\/www.giurgiuveanul.ro\/stiri\/wp-content\/uploads\/2018\/02\/IMG_2900-490x450.jpg\" alt=\"IMG_2900\" width=\"490\" height=\"450\" srcset=\"https:\/\/www.giurgiuveanul.ro\/stiri\/wp-content\/uploads\/2018\/02\/IMG_2900-490x450.jpg 490w, https:\/\/www.giurgiuveanul.ro\/stiri\/wp-content\/uploads\/2018\/02\/IMG_2900-250x230.jpg 250w, https:\/\/www.giurgiuveanul.ro\/stiri\/wp-content\/uploads\/2018\/02\/IMG_2900-400x368.jpg 400w, https:\/\/www.giurgiuveanul.ro\/stiri\/wp-content\/uploads\/2018\/02\/IMG_2900.jpg 800w\" sizes=\"auto, (max-width: 490px) 100vw, 490px\" \/><\/a>\u00cen ultima vreme, nu trece o zi f\u0103r\u0103 perchezi\u0163ii. Curios este faptul c\u0103 <!--more-->\u015fi atunci c\u00eend descinderile sunt organizate de oameni ai legii din alte jude\u0163e, f\u0103r\u0103delegile anchetate au leg\u0103tur\u0103 \u015fi cu jude\u0163ul nostru.<\/p>\n<p style=\"text-align: justify;\">Ieri, spre exemplu, au avut loc perchezi\u0163ii \u00een Giurgiu, organizate fiind sub coordonarea Parchetului de pe l\u00e2ng\u0103 Tribunalul Arad. Societ\u0103\u0163ile vizate sunt depozite de colectare a fierului vechi.<\/p>\n<p style=\"text-align: justify;\"><em>\u201ePoli\u0163i\u015ftii Serviciului de Investigare a Criminalit\u0103\u0163ii Economice din cadrul Inspectoratului de Poli\u0163ie Jude\u0163ean Arad, cu sprijinul Direc\u0163iei Opera\u0163iuni Speciale, sub coordonarea Parchetului de pe l\u00e2ng\u0103 Tribunalul Arad, efectueaz\u0103 101 perchezi\u0163ii \u00een Bucure\u015fti \u015fi \u00een jude\u0163ele Arad, Hunedoara, Timi\u015f, Gorj, Giurgiu, Mehedin\u0163i, Ia\u015fi, Gala\u0163i, Olt, Arge\u015f, Cluj, Ilfov, Tulcea, Dolj, S\u0103laj \u015fi Cara\u015f &#8211; Severin, \u00een cadrul unui dosar penal ce are ca obiect s\u0103v\u00e2r\u015firea infrac\u0163iunii de evaziune fiscal\u0103. La activit\u0103\u0163i particip\u0103 \u015fi poli\u0163i\u015fti specializa\u0163i \u00een investigarea criminalit\u0103\u0163ii economice din jude\u0163ele pe teritoriul c\u0103rora se efectueaz\u0103 perchezi\u0163iile, fiind coordonate de Direc\u0163ia de Investigare a Criminalit\u0103\u0163ii Economice &#8211; IGPR. Prejudiciul cauzat bugetului de stat este de aproximativ 2 milioane de euro. Urmeaz\u0103 a fi puse \u00een aplicare 27 de mandate de aducere. Persoanele depistate urmeaz\u0103 a fi conduse la audieri \u015fi dispunerea m\u0103surilor legale. La activit\u0103\u0163i au participat \u015fi lupt\u0103tori de la Serviciul pentru Ac\u0163iuni Speciale din cadrul Inspectoratului de Poli\u0163ie Jude\u0163ean Arad, precum \u015fi de la Serviciul pentru Interven\u0163ii \u015fi Ac\u0163iuni Speciale &#8211; IGPR\u201c<\/em>, anun\u0163\u0103 IGPR \u00eentr-un comunicat de pres\u0103.\u00a0 Societ\u0103\u0163ile b\u0103nuite c\u0103 ar fi comis infrac\u0163iunile au ca obiect de activitate colectarea fierului vechi. Mare parte dintre cei viza\u0163i sunt cet\u0103\u0163eni de etnie rom\u0103.<\/p>\n","protected":false},"excerpt":{"rendered":"<p>\u00cen ultima vreme, nu trece o zi f\u0103r\u0103 perchezi\u0163ii. Curios este faptul c\u0103<\/p>\n","protected":false},"author":1,"featured_media":0,"comment_status":"open","ping_status":"open","sticky":false,"template":"","format":"standard","meta":{"footnotes":""},"categories":[6],"tags":[],"class_list":["post-50043","post","type-post","status-publish","format-standard","hentry","category-breaking-news"],"_links":{"self":[{"href":"https:\/\/www.giurgiuveanul.ro\/stiri\/wp-json\/wp\/v2\/posts\/50043","targetHints":{"allow":["GET"]}}],"collection":[{"href":"https:\/\/www.giurgiuveanul.ro\/stiri\/wp-json\/wp\/v2\/posts"}],"about":[{"href":"https:\/\/www.giurgiuveanul.ro\/stiri\/wp-json\/wp\/v2\/types\/post"}],"author":[{"embeddable":true,"href":"https:\/\/www.giurgiuveanul.ro\/stiri\/wp-json\/wp\/v2\/users\/1"}],"replies":[{"embeddable":true,"href":"https:\/\/www.giurgiuveanul.ro\/stiri\/wp-json\/wp\/v2\/comments?post=50043"}],"version-history":[{"count":0,"href":"https:\/\/www.giurgiuveanul.ro\/stiri\/wp-json\/wp\/v2\/posts\/50043\/revisions"}],"wp:attachment":[{"href":"https:\/\/www.giurgiuveanul.ro\/stiri\/wp-json\/wp\/v2\/media?parent=50043"}],"wp:term":[{"taxonomy":"category","embeddable":true,"href":"https:\/\/www.giurgiuveanul.ro\/stiri\/wp-json\/wp\/v2\/categories?post=50043"},{"taxonomy":"post_tag","embeddable":true,"href":"https:\/\/www.giurgiuveanul.ro\/stiri\/wp-json\/wp\/v2\/tags?post=50043"}],"curies":[{"name":"wp","href":"https:\/\/api.w.org\/{rel}","templated":true}]}}