{"id":50046,"date":"2018-02-23T10:16:42","date_gmt":"2018-02-23T08:16:42","guid":{"rendered":"https:\/\/www.giurgiuveanul.ro\/stiri\/?p=50046"},"modified":"2018-02-23T10:16:42","modified_gmt":"2018-02-23T08:16:42","slug":"sustras-produse-din-supermarket-dar-fost-prins-de-jandarmi","status":"publish","type":"post","link":"https:\/\/www.giurgiuveanul.ro\/stiri\/sustras-produse-din-supermarket-dar-fost-prins-de-jandarmi\/","title":{"rendered":"A sustras produse din supermarket&#8230; dar a fost prins de jandarmi!"},"content":{"rendered":"<p style=\"text-align: justify;\"><a href=\"https:\/\/www.giurgiuveanul.ro\/stiri\/wp-content\/uploads\/2018\/02\/1.jpg\"><img loading=\"lazy\" decoding=\"async\" class=\"aligncenter size-large wp-image-50047\" src=\"https:\/\/www.giurgiuveanul.ro\/stiri\/wp-content\/uploads\/2018\/02\/1-560x315.jpg\" alt=\"1\" width=\"560\" height=\"315\" srcset=\"https:\/\/www.giurgiuveanul.ro\/stiri\/wp-content\/uploads\/2018\/02\/1-560x315.jpg 560w, https:\/\/www.giurgiuveanul.ro\/stiri\/wp-content\/uploads\/2018\/02\/1-250x141.jpg 250w, https:\/\/www.giurgiuveanul.ro\/stiri\/wp-content\/uploads\/2018\/02\/1-400x225.jpg 400w, https:\/\/www.giurgiuveanul.ro\/stiri\/wp-content\/uploads\/2018\/02\/1.jpg 800w\" sizes=\"auto, (max-width: 560px) 100vw, 560px\" \/><\/a>Jandarmii giurgiuveni <!--more-->au intervenit joi, 22 februarie a.c., \u00een cazul unui furt reclamat de agen\u021bii de paz\u0103 al unui supermarket. \u00cen jurul orei 20.00, ace\u0219tia se aflau \u00een misiune \u00een zona centrelor comerciale de la ie\u0219irea din ora\u0219 \u00een momentul \u00een care le-a fost solicitat sprijinul.<\/p>\n<p style=\"text-align: justify;\">La fa\u021ba locului, jandarmii au depistat un b\u0103rbat, de 48 de ani, care a trecut de casele de marcat cu bunuri pe care nu le-a pl\u0103tit. Sta\u021bii radio \u0219i acumulatori \u00een valoare de aproape 240 lei au fost g\u0103site asupra persoanei \u00een cauz\u0103.<\/p>\n<p style=\"text-align: justify;\">\u00cen acest caz, au fost \u00eentocmite actele de sesizare sub aspectul s\u0103v\u00e2r\u0219irii infrac\u021biunii de \u201dfurt\u201d, cercet\u0103rile fiind continuate de Poli\u021bie.<\/p>\n","protected":false},"excerpt":{"rendered":"<p>Jandarmii giurgiuveni<\/p>\n","protected":false},"author":1,"featured_media":0,"comment_status":"open","ping_status":"open","sticky":false,"template":"","format":"standard","meta":{"footnotes":""},"categories":[6],"tags":[],"class_list":["post-50046","post","type-post","status-publish","format-standard","hentry","category-breaking-news"],"_links":{"self":[{"href":"https:\/\/www.giurgiuveanul.ro\/stiri\/wp-json\/wp\/v2\/posts\/50046","targetHints":{"allow":["GET"]}}],"collection":[{"href":"https:\/\/www.giurgiuveanul.ro\/stiri\/wp-json\/wp\/v2\/posts"}],"about":[{"href":"https:\/\/www.giurgiuveanul.ro\/stiri\/wp-json\/wp\/v2\/types\/post"}],"author":[{"embeddable":true,"href":"https:\/\/www.giurgiuveanul.ro\/stiri\/wp-json\/wp\/v2\/users\/1"}],"replies":[{"embeddable":true,"href":"https:\/\/www.giurgiuveanul.ro\/stiri\/wp-json\/wp\/v2\/comments?post=50046"}],"version-history":[{"count":0,"href":"https:\/\/www.giurgiuveanul.ro\/stiri\/wp-json\/wp\/v2\/posts\/50046\/revisions"}],"wp:attachment":[{"href":"https:\/\/www.giurgiuveanul.ro\/stiri\/wp-json\/wp\/v2\/media?parent=50046"}],"wp:term":[{"taxonomy":"category","embeddable":true,"href":"https:\/\/www.giurgiuveanul.ro\/stiri\/wp-json\/wp\/v2\/categories?post=50046"},{"taxonomy":"post_tag","embeddable":true,"href":"https:\/\/www.giurgiuveanul.ro\/stiri\/wp-json\/wp\/v2\/tags?post=50046"}],"curies":[{"name":"wp","href":"https:\/\/api.w.org\/{rel}","templated":true}]}}