{"id":50049,"date":"2018-02-23T15:58:36","date_gmt":"2018-02-23T13:58:36","guid":{"rendered":"https:\/\/www.giurgiuveanul.ro\/stiri\/?p=50049"},"modified":"2018-02-23T15:58:36","modified_gmt":"2018-02-23T13:58:36","slug":"cinci-persoane-retinute-dupa-perchezitii","status":"publish","type":"post","link":"https:\/\/www.giurgiuveanul.ro\/stiri\/cinci-persoane-retinute-dupa-perchezitii\/","title":{"rendered":"Cinci persoane re\u021binute dup\u0103 perchezi\u021bii"},"content":{"rendered":"<p style=\"text-align: justify;\"><strong><a href=\"https:\/\/www.giurgiuveanul.ro\/stiri\/wp-content\/uploads\/2018\/02\/83533-catuse_XL.jpg\"><img loading=\"lazy\" decoding=\"async\" class=\"aligncenter size-large wp-image-50050\" src=\"https:\/\/www.giurgiuveanul.ro\/stiri\/wp-content\/uploads\/2018\/02\/83533-catuse_XL-560x343.jpg\" alt=\"83533-catuse_XL\" width=\"560\" height=\"343\" srcset=\"https:\/\/www.giurgiuveanul.ro\/stiri\/wp-content\/uploads\/2018\/02\/83533-catuse_XL-560x343.jpg 560w, https:\/\/www.giurgiuveanul.ro\/stiri\/wp-content\/uploads\/2018\/02\/83533-catuse_XL-250x153.jpg 250w, https:\/\/www.giurgiuveanul.ro\/stiri\/wp-content\/uploads\/2018\/02\/83533-catuse_XL-400x245.jpg 400w, https:\/\/www.giurgiuveanul.ro\/stiri\/wp-content\/uploads\/2018\/02\/83533-catuse_XL.jpg 900w\" sizes=\"auto, (max-width: 560px) 100vw, 560px\" \/><\/a>Cinci persoane au fost re\u021binute, iar <!--more-->16.000 de lei, un pistol cu gaz de calibrul 9 mm. \u0219i 27 de cartu\u0219e nepercutate au fost ridicate, \u00een urma a peste 100 de perchezi\u021bii efectuate de poli\u021bi\u0219tii din Arad, \u00een Bucure\u0219ti \u0219i \u00een 16 jude\u021be, printre care \u0219i Giurgiu, cu sprijinul Direc\u021biei Opera\u021biuni Speciale, \u00eentr-un dosar penal de evaziune fiscal\u0103, cu prejudiciul de 2 milioane de euro.<\/strong><\/p>\n<p style=\"text-align: justify;\">La data de 22 februarie a.c., poli\u021bi\u0219tii Serviciului de Investigare a Criminalit\u0103\u021bii Economice din cadrul Inspectoratului de Poli\u021bie Jude\u021bean Arad, cu sprijinul Direc\u021biei Opera\u021biuni Speciale, sub supravegherea Parchetului de pe L\u00e2ng\u0103 Tribunalul Arad, au efectuat 101 perchezi\u021bii.<\/p>\n<p style=\"text-align: justify;\">Perchezi\u021biile au fost efectuate \u00een Bucure\u0219ti \u0219i \u00een jude\u021bele Arad, Hunedoara, Timi\u0219, Gorj, Giurgiu, Mehedin\u021bi, Ia\u0219i, Gala\u021bi, Olt, Arge\u0219, Cluj, Ilfov, Tulcea, Dolj, S\u0103laj \u0219i Cara\u0219 \u2013 Severin, \u00een cadrul unui dosar penal ce are ca obiect s\u0103v\u00e2r\u0219irea infrac\u021biunii de evaziune fiscal\u0103, cu un prejudiciu de aproximativ 2 milioane de euro.<\/p>\n<p style=\"text-align: justify;\">La activit\u0103\u021bi au participat \u0219i poli\u021bi\u0219ti specializa\u021bi \u00een investigarea criminalit\u0103\u021bii economice din jude\u021bele pe teritoriul c\u0103rora s-au efectuat perchezi\u021biile, coordonate de Direc\u021bia de Investigare a Criminalit\u0103\u021bii Economice \u2013 I.G.P.R..<\/p>\n<p style=\"text-align: justify;\">\u00cen urma perchezi\u021biilor, din sediul unei firme din Arad \u0219i dintr-un imobil din Deva, au fost ridica\u021bi 16.000 de lei, un pistol cu gaz de calibrul 9 mm \u0219i 27 de cartu\u0219e nepercutate.<\/p>\n<p style=\"text-align: justify;\">Din cercet\u0103rile efectuate sub coordonarea procurorului de caz a reie\u0219it c\u0103, \u00een perioada 2010-2017, administratorii a dou\u0103 societ\u0103\u021bi comerciale cu sediile \u00een Arad, ar fi \u00eenregistrat \u00een eviden\u021bele contabile mai multe facturi fiscale fictive.<\/p>\n<p style=\"text-align: justify;\">Documentele ar fi fost emise de administratori, doi b\u0103rba\u021bi, de 34 \u0219i 42 de ani \u0219i de un contabil, o femeie de 45 de ani, c\u0103tre mai multe societ\u0103\u021bi comerciale cu sediile \u00een Hunedoara, Timi\u0219, Gorj, Giurgiu, Mehedin\u021bi, Ia\u0219i, Gala\u021bi, Olt, Arge\u0219, Cluj, Ilfov, Tulcea, Dolj, S\u0103laj \u0219i Cara\u0219 \u2013 Severin \u0219i \u00een Bucure\u0219ti.<\/p>\n<p style=\"text-align: justify;\">Au fost puse \u00een aplicare 27 de mandate de aducere, iar \u00een urma administr\u0103rii probatoriului, cele trei persoane \u0219i al\u021bi doi b\u0103rba\u021bi, administratori ai unei societ\u0103\u021bi comerciale din Strehaia, au fost re\u021binu\u021bi pentru 24 de ore.<\/p>\n<p style=\"text-align: justify;\">\u00cen cursul zilei de ast\u0103zi, cei \u00een cauz\u0103 vor fi prezenta\u021bi magistra\u021bilor, cu propunere de arestare preventiv\u0103, pentru evaziune fiscal\u0103.<\/p>\n<p style=\"text-align: justify;\">La activit\u0103\u021bi au participat lupt\u0103tori de la Serviciul pentru Interven\u021bii \u0219i Ac\u021biuni Speciale \u2013 I.G.P.R., precum \u0219i de la Serviciul pentru Ac\u021biuni Speciale din cadrul Inspectoratului de Poli\u021bie Jude\u021bean Arad.<\/p>\n","protected":false},"excerpt":{"rendered":"<p>Cinci persoane au fost re\u021binute, iar<\/p>\n","protected":false},"author":1,"featured_media":0,"comment_status":"open","ping_status":"open","sticky":false,"template":"","format":"standard","meta":{"footnotes":""},"categories":[6],"tags":[],"class_list":["post-50049","post","type-post","status-publish","format-standard","hentry","category-breaking-news"],"_links":{"self":[{"href":"https:\/\/www.giurgiuveanul.ro\/stiri\/wp-json\/wp\/v2\/posts\/50049","targetHints":{"allow":["GET"]}}],"collection":[{"href":"https:\/\/www.giurgiuveanul.ro\/stiri\/wp-json\/wp\/v2\/posts"}],"about":[{"href":"https:\/\/www.giurgiuveanul.ro\/stiri\/wp-json\/wp\/v2\/types\/post"}],"author":[{"embeddable":true,"href":"https:\/\/www.giurgiuveanul.ro\/stiri\/wp-json\/wp\/v2\/users\/1"}],"replies":[{"embeddable":true,"href":"https:\/\/www.giurgiuveanul.ro\/stiri\/wp-json\/wp\/v2\/comments?post=50049"}],"version-history":[{"count":0,"href":"https:\/\/www.giurgiuveanul.ro\/stiri\/wp-json\/wp\/v2\/posts\/50049\/revisions"}],"wp:attachment":[{"href":"https:\/\/www.giurgiuveanul.ro\/stiri\/wp-json\/wp\/v2\/media?parent=50049"}],"wp:term":[{"taxonomy":"category","embeddable":true,"href":"https:\/\/www.giurgiuveanul.ro\/stiri\/wp-json\/wp\/v2\/categories?post=50049"},{"taxonomy":"post_tag","embeddable":true,"href":"https:\/\/www.giurgiuveanul.ro\/stiri\/wp-json\/wp\/v2\/tags?post=50049"}],"curies":[{"name":"wp","href":"https:\/\/api.w.org\/{rel}","templated":true}]}}