{"id":50080,"date":"2018-02-24T12:53:23","date_gmt":"2018-02-24T10:53:23","guid":{"rendered":"https:\/\/www.giurgiuveanul.ro\/stiri\/?p=50080"},"modified":"2018-02-24T12:54:28","modified_gmt":"2018-02-24T10:54:28","slug":"oaza-cu-himere","status":"publish","type":"post","link":"https:\/\/www.giurgiuveanul.ro\/stiri\/oaza-cu-himere\/","title":{"rendered":"OAZA&#8230; cu HIMERE"},"content":{"rendered":"<p style=\"text-align: justify;\"><a href=\"https:\/\/www.giurgiuveanul.ro\/stiri\/wp-content\/uploads\/2018\/02\/premier.jpg\"><img loading=\"lazy\" decoding=\"async\" class=\"aligncenter size-large wp-image-50081\" src=\"https:\/\/www.giurgiuveanul.ro\/stiri\/wp-content\/uploads\/2018\/02\/premier-482x450.jpg\" alt=\"premier\" width=\"482\" height=\"450\" srcset=\"https:\/\/www.giurgiuveanul.ro\/stiri\/wp-content\/uploads\/2018\/02\/premier-482x450.jpg 482w, https:\/\/www.giurgiuveanul.ro\/stiri\/wp-content\/uploads\/2018\/02\/premier-250x233.jpg 250w, https:\/\/www.giurgiuveanul.ro\/stiri\/wp-content\/uploads\/2018\/02\/premier-400x374.jpg 400w, https:\/\/www.giurgiuveanul.ro\/stiri\/wp-content\/uploads\/2018\/02\/premier.jpg 800w\" sizes=\"auto, (max-width: 482px) 100vw, 482px\" \/><\/a>\u00cen diminea\u0163a zilei de joi, am primit <!--more-->OAZA&#8230; cu HIMERE, o tulbur\u0103toare poezie scris\u0103\u00a0 de un poet rom\u00e2n\u00a0 renumit din Canada, George Filip. Se \u00eencheie cu versurile :<\/p>\n<p style=\"text-align: justify;\"><em>&#8230;o-ntrebare cov\u00e2r\u015fitoare: \/ spune-ne-neleptule, de unde \u015ftii\u00a0 \/\u00a0 c\u0103 dup\u0103 ploae &#8230;va fi soare?.<\/em><\/p>\n<p style=\"text-align: justify;\">Poezia\u00a0 este \u00eenso\u0163it\u0103 de o caricatur\u0103 cu textul:<\/p>\n<p style=\"text-align: justify;\"><em>-De ziua Rom\u00e2niei crezi c\u0103 vom avea un nou pre\u015fedinte?<\/em><\/p>\n<p style=\"text-align: justify;\"><em>-Eu sper s\u0103 avem un nou popor. <\/em><\/p>\n<p style=\"text-align: justify;\">Adnot\u0103rile mele au fost:<\/p>\n<p style=\"text-align: justify;\">*Top of Form<\/p>\n<p style=\"text-align: justify;\">Gh.<a href=\"https:\/\/www.facebook.com\/profile.php?id=100007329766735&amp;fref=ufi\">C<\/a>\u00a0Da, POETUL este preocupat de JALEA UNEI LUMI, este, sau ar trebui s[ fie, SEM\u0102N\u0102TOR DE CREDIN\u0162E \u015eI DE BIRUIN&#8221;E!, Caricaturistul, artist \u015fi el, nu trebuie s\u0103 fie fatalist, nu trebuie s\u0103-\u015fi piard\u0103 \u00eencrederea \u00een POPOR! O \u00eencredere trebuie s\u0103 ne r\u0103m\u00e2n\u0103. Aceasta nu poate fi dec\u00e2t \u00een POPORUL ROM\u00c2N!, \u00een ROM\u00c2NIA! Ce vom r\u0103spunde copiilor \u015fi nepo\u0163ilor no\u015ftri c\u00e2nd ne vor ruga s\u0103 le traducem poanta??? acestei caricaturi?<\/p>\n<p style=\"text-align: justify;\">*Gh.<a href=\"https:\/\/www.facebook.com\/profile.php?id=100007329766735&amp;fref=ufi\">C.<\/a>\u00a0M\u0103 \u00eentreb: postacii care afirm\u0103 \u00ceMI PLACE au \u00een vedere poezia sau caricatura?Ambele deodat\u0103, NU!<\/p>\n<p style=\"text-align: justify;\">\n<p style=\"text-align: justify;\">*Gh.<a href=\"https:\/\/www.facebook.com\/profile.php?id=100007329766735&amp;fref=ufi\">C.<\/a>\u00a0LIMBA, CREDIN\u0162A \u015fi NEAMUL sunt valori neperisabile! Ele sunt certificatul nostru de na\u015ftere!. Eu nu a\u015f fi pus al\u0103turi de poezie o asemenea caricatur\u0103.<\/p>\n<p style=\"text-align: justify;\">Gh.<a href=\"https:\/\/www.facebook.com\/profile.php?id=100007329766735&amp;fref=ufi\">C.<\/a>\u00a0Un coleg care, \u00een 1987, scria SEMNELE APOCALIPSULUI, avea totu\u015fi SPERAN\u0162A adunat\u0103 \u00eentr-o \u00eentrebare pus\u0103 la sf\u00e2r\u015fit: &#8211; UNDE SUNT, DOAMNE, ZORII?&#8230;\/SAU M\u0102CAR,UNDE E RAZA DE LUN\u0102? &#8230;<\/p>\n<p style=\"text-align: justify;\">Cum deviza clubului la care \u00een aceast\u0103 diminea\u0163\u0103 merg este S\u0102 NU UIT\u0102M A NE BUCURA, simt c\u0103, angaj\u00e2nd un asemenea dialog, am devenit pu\u0163in nelini\u015ftit!<\/p>\n<p style=\"text-align: justify;\">Simt nevoia \u015fi a altor p\u0103reri.<\/p>\n<p style=\"text-align: justify;\">Problema nu este de \u015fuet\u0103 la col\u0163ul str\u0103zii!<\/p>\n","protected":false},"excerpt":{"rendered":"<p>\u00cen diminea\u0163a zilei de joi, am primit<\/p>\n","protected":false},"author":1,"featured_media":0,"comment_status":"open","ping_status":"open","sticky":false,"template":"","format":"standard","meta":{"footnotes":""},"categories":[21],"tags":[],"class_list":["post-50080","post","type-post","status-publish","format-standard","hentry","category-opinia-mea"],"_links":{"self":[{"href":"https:\/\/www.giurgiuveanul.ro\/stiri\/wp-json\/wp\/v2\/posts\/50080","targetHints":{"allow":["GET"]}}],"collection":[{"href":"https:\/\/www.giurgiuveanul.ro\/stiri\/wp-json\/wp\/v2\/posts"}],"about":[{"href":"https:\/\/www.giurgiuveanul.ro\/stiri\/wp-json\/wp\/v2\/types\/post"}],"author":[{"embeddable":true,"href":"https:\/\/www.giurgiuveanul.ro\/stiri\/wp-json\/wp\/v2\/users\/1"}],"replies":[{"embeddable":true,"href":"https:\/\/www.giurgiuveanul.ro\/stiri\/wp-json\/wp\/v2\/comments?post=50080"}],"version-history":[{"count":0,"href":"https:\/\/www.giurgiuveanul.ro\/stiri\/wp-json\/wp\/v2\/posts\/50080\/revisions"}],"wp:attachment":[{"href":"https:\/\/www.giurgiuveanul.ro\/stiri\/wp-json\/wp\/v2\/media?parent=50080"}],"wp:term":[{"taxonomy":"category","embeddable":true,"href":"https:\/\/www.giurgiuveanul.ro\/stiri\/wp-json\/wp\/v2\/categories?post=50080"},{"taxonomy":"post_tag","embeddable":true,"href":"https:\/\/www.giurgiuveanul.ro\/stiri\/wp-json\/wp\/v2\/tags?post=50080"}],"curies":[{"name":"wp","href":"https:\/\/api.w.org\/{rel}","templated":true}]}}