{"id":50085,"date":"2018-02-24T14:22:57","date_gmt":"2018-02-24T12:22:57","guid":{"rendered":"https:\/\/www.giurgiuveanul.ro\/stiri\/?p=50085"},"modified":"2018-02-24T14:28:06","modified_gmt":"2018-02-24T12:28:06","slug":"anm-prognoza-meteo-avertizare-de-cod-portocaliu-si-cod-galben","status":"publish","type":"post","link":"https:\/\/www.giurgiuveanul.ro\/stiri\/anm-prognoza-meteo-avertizare-de-cod-portocaliu-si-cod-galben\/","title":{"rendered":"ANM, prognoza METEO. AVERTIZARE de Cod PORTOCALIU \u015fi Cod GALBEN!"},"content":{"rendered":"<p style=\"text-align: justify;\"><strong><a href=\"https:\/\/www.giurgiuveanul.ro\/stiri\/wp-content\/uploads\/2018\/02\/image-2018-02-24-22306281-41-ger-toata-tara.jpg\"><img loading=\"lazy\" decoding=\"async\" class=\"aligncenter size-full wp-image-50086\" src=\"https:\/\/www.giurgiuveanul.ro\/stiri\/wp-content\/uploads\/2018\/02\/image-2018-02-24-22306281-41-ger-toata-tara.jpg\" alt=\"image-2018-02-24-22306281-41-ger-toata-tara\" width=\"416\" height=\"279\" srcset=\"https:\/\/www.giurgiuveanul.ro\/stiri\/wp-content\/uploads\/2018\/02\/image-2018-02-24-22306281-41-ger-toata-tara.jpg 416w, https:\/\/www.giurgiuveanul.ro\/stiri\/wp-content\/uploads\/2018\/02\/image-2018-02-24-22306281-41-ger-toata-tara-250x168.jpg 250w, https:\/\/www.giurgiuveanul.ro\/stiri\/wp-content\/uploads\/2018\/02\/image-2018-02-24-22306281-41-ger-toata-tara-400x268.jpg 400w\" sizes=\"auto, (max-width: 416px) 100vw, 416px\" \/><\/a>Administra\u021bia Na\u021bional\u0103 de Meteorologie a emis o avertizare meteorologic\u0103 de COD GALBEN \u0219i COD PORTOCALIU.<\/strong><\/p>\n<p style=\"text-align: justify;\">Meteorologii anun\u021b\u0103<!--more-->COD PORTOCALIU de frig \u00een urm\u0103toarele zile \u00een aproape toat\u0103 \u021bara.\u00a0 Temperaturile vor fi foarte sc\u0103zute, at\u00e2t noaptea, c\u00e2t \u0219i ziua \u00een Moldova, estul Transilvaniei, Oltenia, Muntenia \u0219i Dobrogea, p\u00e2n\u0103 pe 1 martie. \u00cen intervalul 25 februarie, ora 03 \u2013 01 martie, ora 10, meteorologii anun\u021b\u0103 cod galben de frig \u00een toat\u0103 \u021bara.<\/p>\n<p style=\"text-align: justify;\">Valul de frig va cuprinde treptat toat\u0103 \u021bara \u0219i va fi \u00een intensificare, astfel c\u0103 se vor \u00eenregistra temperaturi cu peste 10\u202615 grade mai cobor\u00e2te dec\u00e2t valorile normale pentru aceast\u0103 perioad\u0103 din an.<\/p>\n<p style=\"text-align: justify;\">Temperaturile maxime vor fi negative \u00een toate regiunile \u0219i va fi ger diminea\u021ba \u0219i noaptea, la \u00eenceput cu prec\u0103dere \u00een jum\u0103tatea de nord, apoi \u0219i \u00een restul teritoriului, iar intensific\u0103rile temporare ale v\u00e2ntului vor amplifica senza\u021bia de rece.<\/p>\n<p style=\"text-align: justify;\">\u00cen intervalul <strong>26 februarie, ora 03 \u2013 01 martie<\/strong>, ora 10, ANM anun\u021b\u0103 cod portocaliu de\u00a0 temperaturi foarte sc\u0103zute, at\u00e2t noaptea, c\u00e2t \u0219i ziua \u00een Moldova, estul Transilvaniei, Oltenia, Muntenia \u0219i Dobrogea;<\/p>\n<p style=\"text-align: justify;\">\u00cen Moldova, estul Transilvaniei, Oltenia, Muntenia \u0219i Dobrogea valul de frig se va intensifica, gerul va fi persistent chiar \u0219i pe parcursul zilelor, c\u00e2nd valorile termice vor fi comparabile cu recordurile \u00eenregistrate \u00een aceast\u0103 perioad\u0103.<\/p>\n","protected":false},"excerpt":{"rendered":"<p>Administra\u021bia Na\u021bional\u0103 de Meteorologie a emis o avertizare meteorologic\u0103 de COD GALBEN \u0219i COD PORTOCALIU. Meteorologii anun\u021b\u0103<\/p>\n","protected":false},"author":1,"featured_media":0,"comment_status":"open","ping_status":"open","sticky":false,"template":"","format":"standard","meta":{"footnotes":""},"categories":[6],"tags":[],"class_list":["post-50085","post","type-post","status-publish","format-standard","hentry","category-breaking-news"],"_links":{"self":[{"href":"https:\/\/www.giurgiuveanul.ro\/stiri\/wp-json\/wp\/v2\/posts\/50085","targetHints":{"allow":["GET"]}}],"collection":[{"href":"https:\/\/www.giurgiuveanul.ro\/stiri\/wp-json\/wp\/v2\/posts"}],"about":[{"href":"https:\/\/www.giurgiuveanul.ro\/stiri\/wp-json\/wp\/v2\/types\/post"}],"author":[{"embeddable":true,"href":"https:\/\/www.giurgiuveanul.ro\/stiri\/wp-json\/wp\/v2\/users\/1"}],"replies":[{"embeddable":true,"href":"https:\/\/www.giurgiuveanul.ro\/stiri\/wp-json\/wp\/v2\/comments?post=50085"}],"version-history":[{"count":0,"href":"https:\/\/www.giurgiuveanul.ro\/stiri\/wp-json\/wp\/v2\/posts\/50085\/revisions"}],"wp:attachment":[{"href":"https:\/\/www.giurgiuveanul.ro\/stiri\/wp-json\/wp\/v2\/media?parent=50085"}],"wp:term":[{"taxonomy":"category","embeddable":true,"href":"https:\/\/www.giurgiuveanul.ro\/stiri\/wp-json\/wp\/v2\/categories?post=50085"},{"taxonomy":"post_tag","embeddable":true,"href":"https:\/\/www.giurgiuveanul.ro\/stiri\/wp-json\/wp\/v2\/tags?post=50085"}],"curies":[{"name":"wp","href":"https:\/\/api.w.org\/{rel}","templated":true}]}}