{"id":50091,"date":"2018-02-25T09:39:14","date_gmt":"2018-02-25T07:39:14","guid":{"rendered":"https:\/\/www.giurgiuveanul.ro\/stiri\/?p=50091"},"modified":"2018-02-25T09:39:14","modified_gmt":"2018-02-25T07:39:14","slug":"comitet-pentru-situatii-de-urgenta-la-giurgiu-ce-masuri-au-luat-autoritatile-pentru-vremea-rea","status":"publish","type":"post","link":"https:\/\/www.giurgiuveanul.ro\/stiri\/comitet-pentru-situatii-de-urgenta-la-giurgiu-ce-masuri-au-luat-autoritatile-pentru-vremea-rea\/","title":{"rendered":"Comitet pentru situa\u021bii de urgen\u021b\u0103 la Giurgiu. Ce m\u0103suri au luat autorit\u0103\u021bile pentru vremea rea"},"content":{"rendered":"<p style=\"text-align: justify;\"><strong><a href=\"https:\/\/www.giurgiuveanul.ro\/stiri\/wp-content\/uploads\/2018\/02\/IMG_2081-2.jpg\"><img loading=\"lazy\" decoding=\"async\" class=\"aligncenter size-large wp-image-50092\" src=\"https:\/\/www.giurgiuveanul.ro\/stiri\/wp-content\/uploads\/2018\/02\/IMG_2081-2-560x299.jpg\" alt=\"IMG_2081-2\" width=\"560\" height=\"299\" srcset=\"https:\/\/www.giurgiuveanul.ro\/stiri\/wp-content\/uploads\/2018\/02\/IMG_2081-2-560x299.jpg 560w, https:\/\/www.giurgiuveanul.ro\/stiri\/wp-content\/uploads\/2018\/02\/IMG_2081-2-250x133.jpg 250w, https:\/\/www.giurgiuveanul.ro\/stiri\/wp-content\/uploads\/2018\/02\/IMG_2081-2-400x214.jpg 400w, https:\/\/www.giurgiuveanul.ro\/stiri\/wp-content\/uploads\/2018\/02\/IMG_2081-2.jpg 800w\" sizes=\"auto, (max-width: 560px) 100vw, 560px\" \/><\/a>Administra\u0163ia Na\u0163ional\u0103 de Meteorologie (ANM) a emis, s\u00e2mb\u0103t\u0103, o aten\u0163ionare cod portocaliu de ger, care vizeaz\u0103 \u0219i jude\u021bul Giurgiu, \u0219i care <!--more-->intr\u0103 \u00een vigoare luni diminea\u0163a. Meteorologii avertizeaz\u0103 c\u0103 se vor \u00eenregistra \u015fi minus 22 de grade Celsius.<\/strong><\/p>\n<p style=\"text-align: justify;\">\u00cen acest context, Prefectura Giurgiu a convocat ieri Comitetul Jude\u021bean pentru Situa\u021bii de Urgen\u021b\u0103.<\/p>\n<p style=\"text-align: justify;\">Echipajele de poli\u021bie, jandarmerie, pompieri, Crucea Ro\u0219ie, poli\u021bie local\u0103 vor fi prezente \u00een zonele cunoscute ca fiind frecventate de persoanele f\u0103r\u0103 ad\u0103post, pentru identificarea acestora \u015fi transportul \u00een spa\u021biile special amenajate. Pacien\u0163ii dializa\u0163i \u015fi femeile \u00eens\u0103rcinate, dar \u0219i persoanele care au nevoie de oxigen \u0219i cele cu stimulator cardiac care, din cauza fenomenelor meteorologice, risc\u0103 s\u0103 r\u0103m\u00e2n\u0103 blocate \u00een zone izolate, vor fi monitorizate \u0219i transportate la unit\u0103\u0163ile sanitare din teritoriu \u015fi internate la sec\u0163iile de specialitate. Totodat\u0103, s-a dat acordul de principiu institu\u021biilor abilitate ca, \u00een cazul apari\u021biei unor situa\u021bii critice, s\u0103 \u00eenchid\u0103 \u0219colile, s\u0103 dispun\u0103\u00a0 \u00eenchiderea drumurilor sau s\u0103 aplice restric\u021bii de tonaj.<\/p>\n<p style=\"text-align: justify;\">\u00cen acela\u0219i timp, s-a dispus asigurarea permanen\u021bei la prim\u0103rii \u0219i la Prefectur\u0103.<\/p>\n<p style=\"text-align: justify;\">De asemenea, se recomand\u0103 cet\u0103\u0163enilor s\u0103 nu stea timp \u00eendelungat la temperaturi sc\u0103zute, mai ales \u00een cazul persoanelor care sufer\u0103 de diverse afec\u0163iuni, s\u0103 poarte \u00eembr\u0103c\u0103minte \u015fi \u00eenc\u0103l\u0163\u0103minte adecvate, iar orice situa\u0163ie de risc s\u0103 fie sesizat\u0103 la num\u0103rul unic de urgen\u0163\u0103 112.<\/p>\n<p style=\"text-align: justify;\">Celor care pornesc la drum li se recomand\u0103 s\u0103 aib\u0103 autoturismele echipate de iarn\u0103, s\u0103 se deplaseze cu vitez\u0103 redus\u0103, s\u0103 p\u0103streze distan\u0163a de siguran\u0163\u0103 \u00eentre autovehicule \u015fi s\u0103 foloseasc\u0103 fr\u00e2na de motor. De asemenea, \u00eenainte de a porni la drum, se recomand\u0103 verificarea func\u0163ion\u0103rii instala\u0163iei de \u00eenc\u0103lzire, precum \u015fi existen\u0163a unei cantit\u0103\u0163i suficiente de combustibil.<\/p>\n","protected":false},"excerpt":{"rendered":"<p>Administra\u0163ia Na\u0163ional\u0103 de Meteorologie (ANM) a emis, s\u00e2mb\u0103t\u0103, o aten\u0163ionare cod portocaliu de ger, care vizeaz\u0103 \u0219i jude\u021bul Giurgiu, \u0219i care<\/p>\n","protected":false},"author":1,"featured_media":0,"comment_status":"open","ping_status":"open","sticky":false,"template":"","format":"standard","meta":{"footnotes":""},"categories":[6],"tags":[],"class_list":["post-50091","post","type-post","status-publish","format-standard","hentry","category-breaking-news"],"_links":{"self":[{"href":"https:\/\/www.giurgiuveanul.ro\/stiri\/wp-json\/wp\/v2\/posts\/50091","targetHints":{"allow":["GET"]}}],"collection":[{"href":"https:\/\/www.giurgiuveanul.ro\/stiri\/wp-json\/wp\/v2\/posts"}],"about":[{"href":"https:\/\/www.giurgiuveanul.ro\/stiri\/wp-json\/wp\/v2\/types\/post"}],"author":[{"embeddable":true,"href":"https:\/\/www.giurgiuveanul.ro\/stiri\/wp-json\/wp\/v2\/users\/1"}],"replies":[{"embeddable":true,"href":"https:\/\/www.giurgiuveanul.ro\/stiri\/wp-json\/wp\/v2\/comments?post=50091"}],"version-history":[{"count":0,"href":"https:\/\/www.giurgiuveanul.ro\/stiri\/wp-json\/wp\/v2\/posts\/50091\/revisions"}],"wp:attachment":[{"href":"https:\/\/www.giurgiuveanul.ro\/stiri\/wp-json\/wp\/v2\/media?parent=50091"}],"wp:term":[{"taxonomy":"category","embeddable":true,"href":"https:\/\/www.giurgiuveanul.ro\/stiri\/wp-json\/wp\/v2\/categories?post=50091"},{"taxonomy":"post_tag","embeddable":true,"href":"https:\/\/www.giurgiuveanul.ro\/stiri\/wp-json\/wp\/v2\/tags?post=50091"}],"curies":[{"name":"wp","href":"https:\/\/api.w.org\/{rel}","templated":true}]}}