{"id":50094,"date":"2018-02-25T13:53:48","date_gmt":"2018-02-25T11:53:48","guid":{"rendered":"https:\/\/www.giurgiuveanul.ro\/stiri\/?p=50094"},"modified":"2018-02-25T13:53:48","modified_gmt":"2018-02-25T11:53:48","slug":"ultima-ora-scolile-din-judetul-giurgiu-inchise-din-cauza-fenomenelor-extreme","status":"publish","type":"post","link":"https:\/\/www.giurgiuveanul.ro\/stiri\/ultima-ora-scolile-din-judetul-giurgiu-inchise-din-cauza-fenomenelor-extreme\/","title":{"rendered":"ULTIMA OR\u0102! \u015eCOLILE din jude\u0163ul Giurgiu, \u00ceNCHISE din cauza fenomenelor extreme!"},"content":{"rendered":"<p style=\"text-align: justify;\"><a href=\"https:\/\/www.giurgiuveanul.ro\/stiri\/wp-content\/uploads\/2018\/02\/scoli_inchise.jpg\"><img loading=\"lazy\" decoding=\"async\" class=\"aligncenter size-large wp-image-50095\" src=\"https:\/\/www.giurgiuveanul.ro\/stiri\/wp-content\/uploads\/2018\/02\/scoli_inchise-560x315.jpg\" alt=\"scoli_inchise\" width=\"560\" height=\"315\" srcset=\"https:\/\/www.giurgiuveanul.ro\/stiri\/wp-content\/uploads\/2018\/02\/scoli_inchise-560x315.jpg 560w, https:\/\/www.giurgiuveanul.ro\/stiri\/wp-content\/uploads\/2018\/02\/scoli_inchise-250x141.jpg 250w, https:\/\/www.giurgiuveanul.ro\/stiri\/wp-content\/uploads\/2018\/02\/scoli_inchise-400x225.jpg 400w, https:\/\/www.giurgiuveanul.ro\/stiri\/wp-content\/uploads\/2018\/02\/scoli_inchise.jpg 711w\" sizes=\"auto, (max-width: 560px) 100vw, 560px\" \/><\/a>Av\u00e2nd in vedere avertiz\u0103rile meteo COD PORTOCALIU pentru viscol, temperaturi sc\u0103zute \u015fi ninsori abundente, Comitetul Jude\u0163ean pentru Situatii de Urgen\u0163\u0103 Giurgiu, \u00een \u015fedin\u0163\u0103 extraordinar\u0103, a hot\u0103r\u00e2t,<!--more--> impreuna cu Inspectoratul Scolar Judetean, suspendarea cursurilor pentru zilele de luni si marti in unitatile scolare de pe intreg teritoriul judetului Giurgiu.<\/p>\n","protected":false},"excerpt":{"rendered":"<p>Av\u00e2nd in vedere avertiz\u0103rile meteo COD PORTOCALIU pentru viscol, temperaturi sc\u0103zute \u015fi ninsori abundente, Comitetul Jude\u0163ean pentru Situatii de Urgen\u0163\u0103 Giurgiu, \u00een \u015fedin\u0163\u0103 extraordinar\u0103, a hot\u0103r\u00e2t,<\/p>\n","protected":false},"author":1,"featured_media":0,"comment_status":"open","ping_status":"open","sticky":false,"template":"","format":"standard","meta":{"footnotes":""},"categories":[6],"tags":[],"class_list":["post-50094","post","type-post","status-publish","format-standard","hentry","category-breaking-news"],"_links":{"self":[{"href":"https:\/\/www.giurgiuveanul.ro\/stiri\/wp-json\/wp\/v2\/posts\/50094","targetHints":{"allow":["GET"]}}],"collection":[{"href":"https:\/\/www.giurgiuveanul.ro\/stiri\/wp-json\/wp\/v2\/posts"}],"about":[{"href":"https:\/\/www.giurgiuveanul.ro\/stiri\/wp-json\/wp\/v2\/types\/post"}],"author":[{"embeddable":true,"href":"https:\/\/www.giurgiuveanul.ro\/stiri\/wp-json\/wp\/v2\/users\/1"}],"replies":[{"embeddable":true,"href":"https:\/\/www.giurgiuveanul.ro\/stiri\/wp-json\/wp\/v2\/comments?post=50094"}],"version-history":[{"count":0,"href":"https:\/\/www.giurgiuveanul.ro\/stiri\/wp-json\/wp\/v2\/posts\/50094\/revisions"}],"wp:attachment":[{"href":"https:\/\/www.giurgiuveanul.ro\/stiri\/wp-json\/wp\/v2\/media?parent=50094"}],"wp:term":[{"taxonomy":"category","embeddable":true,"href":"https:\/\/www.giurgiuveanul.ro\/stiri\/wp-json\/wp\/v2\/categories?post=50094"},{"taxonomy":"post_tag","embeddable":true,"href":"https:\/\/www.giurgiuveanul.ro\/stiri\/wp-json\/wp\/v2\/tags?post=50094"}],"curies":[{"name":"wp","href":"https:\/\/api.w.org\/{rel}","templated":true}]}}