{"id":50100,"date":"2018-02-26T09:39:26","date_gmt":"2018-02-26T07:39:26","guid":{"rendered":"https:\/\/www.giurgiuveanul.ro\/stiri\/?p=50100"},"modified":"2018-02-26T09:40:17","modified_gmt":"2018-02-26T07:40:17","slug":"autoritatile-sunt-mobilizate-la-giurgiu","status":"publish","type":"post","link":"https:\/\/www.giurgiuveanul.ro\/stiri\/autoritatile-sunt-mobilizate-la-giurgiu\/","title":{"rendered":"La Giurgiu, autorit\u0103\u021bile sunt mobilizate!"},"content":{"rendered":"<p style=\"text-align: justify;\"><strong><a href=\"https:\/\/www.giurgiuveanul.ro\/stiri\/wp-content\/uploads\/2018\/02\/IMG_2764.jpg\"><img loading=\"lazy\" decoding=\"async\" class=\"aligncenter size-large wp-image-50101\" src=\"https:\/\/www.giurgiuveanul.ro\/stiri\/wp-content\/uploads\/2018\/02\/IMG_2764-560x411.jpg\" alt=\"IMG_2764\" width=\"560\" height=\"411\" srcset=\"https:\/\/www.giurgiuveanul.ro\/stiri\/wp-content\/uploads\/2018\/02\/IMG_2764-560x411.jpg 560w, https:\/\/www.giurgiuveanul.ro\/stiri\/wp-content\/uploads\/2018\/02\/IMG_2764-250x183.jpg 250w, https:\/\/www.giurgiuveanul.ro\/stiri\/wp-content\/uploads\/2018\/02\/IMG_2764-400x294.jpg 400w, https:\/\/www.giurgiuveanul.ro\/stiri\/wp-content\/uploads\/2018\/02\/IMG_2764.jpg 800w\" sizes=\"auto, (max-width: 560px) 100vw, 560px\" \/><\/a>\u00cen cadrul Prim\u0103riei Giurgiu<!--more--> s-a \u00eentrunit ieri Comandamentul pentru Situa\u021bii de Urgen\u021b\u0103, pentru a fi luate m\u0103surile de preven\u021bie ce se impun, av\u00e2nd \u00een vedere codul portocaliu de ger, v\u00e2nt puternic \u0219i de ninsori abundente care a intrat \u00een vigoare din aceast\u0103 noapte, de la ora 3. \u00a0<\/strong><\/p>\n<p style=\"text-align: justify;\">\u021ain\u00e2nd cont de avertiz\u0103rile meteo, se va ac\u021biona cu clorur\u0103 de calciu iar dup\u0103 orele 22.00, toate utilajele dotate cu pluguri vor ac\u021biona \u00een municipiu. Vor avea prioritate str\u0103zile din urgen\u021ba 1, mai exact cele care asigur\u0103 accesul c\u0103tre institu\u021bii de urgen\u021b\u0103, a avertizat primarul Nicolae Barbu, care a f\u0103cut apel c\u0103tre cet\u0103\u021beni s\u0103 \u00een\u021beleag\u0103 c\u0103 nu se poate ac\u021biona \u00een acela\u0219i timp \u00een tot ora\u0219ul. Totodat\u0103, se va avea \u00een vedere zona V\u0103mii, unde se va \u00eempr\u0103\u0219tia antiderapant, dar se va ac\u021biona \u0219i la intrarea \u00een ora\u0219, pe DN 5, unde se va monitoriza modul \u00een care tirurile sta\u021bioneaz\u0103, pentru se evita formarea de z\u0103pad\u0103 \u00een jurul acestora.<\/p>\n<p style=\"text-align: justify;\"><a href=\"https:\/\/www.giurgiuveanul.ro\/stiri\/wp-content\/uploads\/2018\/02\/IMG_2786.jpg\"><img loading=\"lazy\" decoding=\"async\" class=\"aligncenter size-large wp-image-50102\" src=\"https:\/\/www.giurgiuveanul.ro\/stiri\/wp-content\/uploads\/2018\/02\/IMG_2786-560x356.jpg\" alt=\"IMG_2786\" width=\"560\" height=\"356\" srcset=\"https:\/\/www.giurgiuveanul.ro\/stiri\/wp-content\/uploads\/2018\/02\/IMG_2786-560x356.jpg 560w, https:\/\/www.giurgiuveanul.ro\/stiri\/wp-content\/uploads\/2018\/02\/IMG_2786-250x159.jpg 250w, https:\/\/www.giurgiuveanul.ro\/stiri\/wp-content\/uploads\/2018\/02\/IMG_2786-400x255.jpg 400w, https:\/\/www.giurgiuveanul.ro\/stiri\/wp-content\/uploads\/2018\/02\/IMG_2786.jpg 800w\" sizes=\"auto, (max-width: 560px) 100vw, 560px\" \/><\/a><\/p>\n<p style=\"text-align: justify;\"><a href=\"https:\/\/www.giurgiuveanul.ro\/stiri\/wp-content\/uploads\/2018\/02\/IMG_2807.jpg\"><img loading=\"lazy\" decoding=\"async\" class=\"aligncenter size-large wp-image-50104\" src=\"https:\/\/www.giurgiuveanul.ro\/stiri\/wp-content\/uploads\/2018\/02\/IMG_2807-560x410.jpg\" alt=\"IMG_2807\" width=\"560\" height=\"410\" srcset=\"https:\/\/www.giurgiuveanul.ro\/stiri\/wp-content\/uploads\/2018\/02\/IMG_2807-560x410.jpg 560w, https:\/\/www.giurgiuveanul.ro\/stiri\/wp-content\/uploads\/2018\/02\/IMG_2807-250x183.jpg 250w, https:\/\/www.giurgiuveanul.ro\/stiri\/wp-content\/uploads\/2018\/02\/IMG_2807-400x293.jpg 400w, https:\/\/www.giurgiuveanul.ro\/stiri\/wp-content\/uploads\/2018\/02\/IMG_2807.jpg 800w\" sizes=\"auto, (max-width: 560px) 100vw, 560px\" \/><\/a><\/p>\n<p style=\"text-align: justify;\">De asemenea, reprezentan\u021bii Giurgiu Servicii Publice din cadrul Prim\u0103riei vor fi preg\u0103ti\u021bi s\u0103 intervin\u0103 cu 77 de oameni \u0219i cu utilajele care au fost contractate, Giurgiu Servicii Locale cu 100 de oameni, o motofrez\u0103 \u0219i o platform\u0103 pentru \u00eenc\u0103rcarea z\u0103pezii, ADPP cu dou\u0103 buldoexcavatoare \u0219i dou\u0103 basculante. Reprezentan\u021bii Poli\u021biei Locale vor patrula pentru asigurarea fluen\u021bei traficului rutier \u0219i vor interveni dac\u0103 situa\u021bia o impune. Totodat\u0103, vor fi luate m\u0103suri \u00eempotriva celor care sta\u021bioneaz\u0103 neregulamentar pe domeniul public.<\/p>\n<p style=\"text-align: justify;\"><a href=\"https:\/\/www.giurgiuveanul.ro\/stiri\/wp-content\/uploads\/2018\/02\/IMG_2734.jpg\"><img loading=\"lazy\" decoding=\"async\" class=\"aligncenter size-large wp-image-50103\" src=\"https:\/\/www.giurgiuveanul.ro\/stiri\/wp-content\/uploads\/2018\/02\/IMG_2734-560x440.jpg\" alt=\"IMG_2734\" width=\"560\" height=\"440\" srcset=\"https:\/\/www.giurgiuveanul.ro\/stiri\/wp-content\/uploads\/2018\/02\/IMG_2734-560x440.jpg 560w, https:\/\/www.giurgiuveanul.ro\/stiri\/wp-content\/uploads\/2018\/02\/IMG_2734-250x197.jpg 250w, https:\/\/www.giurgiuveanul.ro\/stiri\/wp-content\/uploads\/2018\/02\/IMG_2734-400x315.jpg 400w, https:\/\/www.giurgiuveanul.ro\/stiri\/wp-content\/uploads\/2018\/02\/IMG_2734.jpg 800w\" sizes=\"auto, (max-width: 560px) 100vw, 560px\" \/><\/a><\/p>\n<p style=\"text-align: justify;\">Centrul de Primire pentru persoanele f\u0103r\u0103 ad\u0103post este preg\u0103tit s\u0103 ofere ad\u0103post, hran\u0103 \u0219i ceai cald oamenilor str\u0103zii \u00eentr-un spa\u0163iu cu o capacitate total\u0103 de 21 de paturi, 12 fiind ocupate.<\/p>\n<p style=\"text-align: justify;\">Prognoza meteo pentru aceast\u0103 noapte arat\u0103 c\u0103 vor fi condi\u021bii de formare a poleiului, stratul de z\u0103pad\u0103 depus va fi de 5 cm iar temperatura se va situa \u00eentre -4 \u0219i -9 grade. Luni, va ninge viscolit iar stratul de z\u0103pad\u0103 va fi de 19 cm , temperaturile situ\u00e2ndu-se \u00eentre -4 \u0219i -8 grade Celsius iar \u00een cursul nop\u021bii vor fi -11 grade.<\/p>\n<p style=\"text-align: justify;\">\u00cen cursul nop\u021bii de luni spre mar\u021bi, se vor depune \u00eenc\u0103 12-14 centimetri de z\u0103pad\u0103, ceea ce \u00eenseamn\u0103 c\u0103 \u00een 24 de ore vom avea un strat de z\u0103pad\u0103 de 30 de centimetri.<\/p>\n","protected":false},"excerpt":{"rendered":"<p>\u00cen cadrul Prim\u0103riei Giurgiu<\/p>\n","protected":false},"author":1,"featured_media":0,"comment_status":"open","ping_status":"open","sticky":false,"template":"","format":"standard","meta":{"footnotes":""},"categories":[6],"tags":[],"class_list":["post-50100","post","type-post","status-publish","format-standard","hentry","category-breaking-news"],"_links":{"self":[{"href":"https:\/\/www.giurgiuveanul.ro\/stiri\/wp-json\/wp\/v2\/posts\/50100","targetHints":{"allow":["GET"]}}],"collection":[{"href":"https:\/\/www.giurgiuveanul.ro\/stiri\/wp-json\/wp\/v2\/posts"}],"about":[{"href":"https:\/\/www.giurgiuveanul.ro\/stiri\/wp-json\/wp\/v2\/types\/post"}],"author":[{"embeddable":true,"href":"https:\/\/www.giurgiuveanul.ro\/stiri\/wp-json\/wp\/v2\/users\/1"}],"replies":[{"embeddable":true,"href":"https:\/\/www.giurgiuveanul.ro\/stiri\/wp-json\/wp\/v2\/comments?post=50100"}],"version-history":[{"count":0,"href":"https:\/\/www.giurgiuveanul.ro\/stiri\/wp-json\/wp\/v2\/posts\/50100\/revisions"}],"wp:attachment":[{"href":"https:\/\/www.giurgiuveanul.ro\/stiri\/wp-json\/wp\/v2\/media?parent=50100"}],"wp:term":[{"taxonomy":"category","embeddable":true,"href":"https:\/\/www.giurgiuveanul.ro\/stiri\/wp-json\/wp\/v2\/categories?post=50100"},{"taxonomy":"post_tag","embeddable":true,"href":"https:\/\/www.giurgiuveanul.ro\/stiri\/wp-json\/wp\/v2\/tags?post=50100"}],"curies":[{"name":"wp","href":"https:\/\/api.w.org\/{rel}","templated":true}]}}