{"id":50113,"date":"2018-02-26T10:33:40","date_gmt":"2018-02-26T08:33:40","guid":{"rendered":"https:\/\/www.giurgiuveanul.ro\/stiri\/?p=50113"},"modified":"2018-02-26T10:37:48","modified_gmt":"2018-02-26T08:37:48","slug":"cum-se-circula-pe-drumurile-nationale-si-judetene-de-pe-raza-judetului-giurgiu","status":"publish","type":"post","link":"https:\/\/www.giurgiuveanul.ro\/stiri\/cum-se-circula-pe-drumurile-nationale-si-judetene-de-pe-raza-judetului-giurgiu\/","title":{"rendered":"Cum se circul\u0103 pe drumurile na\u0163ionale \u015fi jude\u0163ene de pe raza jude\u0163ului Giurgiu"},"content":{"rendered":"<p style=\"text-align: justify;\"><strong><a href=\"https:\/\/www.giurgiuveanul.ro\/stiri\/wp-content\/uploads\/2018\/02\/DSC_0184.jpg\"><img loading=\"lazy\" decoding=\"async\" class=\"aligncenter size-large wp-image-50114\" src=\"https:\/\/www.giurgiuveanul.ro\/stiri\/wp-content\/uploads\/2018\/02\/DSC_0184-560x450.jpg\" alt=\"DSC_0184\" width=\"560\" height=\"450\" srcset=\"https:\/\/www.giurgiuveanul.ro\/stiri\/wp-content\/uploads\/2018\/02\/DSC_0184-560x450.jpg 560w, https:\/\/www.giurgiuveanul.ro\/stiri\/wp-content\/uploads\/2018\/02\/DSC_0184-250x201.jpg 250w, https:\/\/www.giurgiuveanul.ro\/stiri\/wp-content\/uploads\/2018\/02\/DSC_0184-400x322.jpg 400w, https:\/\/www.giurgiuveanul.ro\/stiri\/wp-content\/uploads\/2018\/02\/DSC_0184.jpg 800w\" sizes=\"auto, (max-width: 560px) 100vw, 560px\" \/><\/a>Potrivit inspectorului \u015fef al Inspectoratului pentru Situa\u0163ii de Urgen\u0163\u0103 &#8222;Vla\u015fca&#8221; al jude\u0163ului Giurgiu, colonel Emil Apostol,<!--more--> la aceast\u0103 or\u0103 nu sunt\u00a0drumuri na\u0163ionale sau jude\u0163ene blocate, circul\u00e2ndu-se \u00een condi\u0163ii de iarn\u0103.<\/strong><\/p>\n<p style=\"text-align: justify;\">De asemenea, \u00een jude\u0163ul Giurgiu, nu sunt localit\u0103\u0163i\u00a0care s\u0103 aib\u0103 curentul\u00a0electric \u00eentrerupt.<\/p>\n<p style=\"text-align: justify;\">\u00cen alt\u0103 ordine de idei,<strong> Centrul INFOTRAFIC din Inspectoratul General al Poli\u0163iei Rom\u00e2ne informeaz\u0103\u00a0c\u0103<\/strong> pentru a permite utilajelor de desz\u0103pezire s\u0103 ac\u0163ioneze pentru cur\u0103\u0163area carosabilului, circula\u0163ia rutier\u0103 este \u00eentrerupt\u0103 \u00een jude\u0163ul Teleorman pe mai multe drumuri na\u0163ionale:\u00a0<strong>DN51<\/strong>\u00a0Zimnicea \u2013 Vii\u015foara,\u00a0<strong>DN51A<\/strong>\u00a0Zimnicea \u2013 Izvoarele,\u00a0<strong>DN54<\/strong>\u00a0Moldoveni \u2013 Islaz \u015fi\u00a0<strong>DN65A\u00a0<\/strong>Turnu M\u0103gurele \u2013 Ro\u015fiorii de Vede.<\/p>\n<p style=\"text-align: justify;\">De asemenea, \u00een acela\u015fi jude\u0163, circula\u0163ia rutier\u0103 este \u00eentrerupt\u0103, din cauza vremii nefavorabile, pe mai multe drumuri jude\u0163ene (<strong>DJ 504<\/strong>,\u00a0<strong>DJ 506<\/strong>,\u00a0<strong>DJ 506A<\/strong>,\u00a0<strong>DJ 506C<\/strong>,\u00a0<strong>DJ<\/strong>\u00a0<strong>653<\/strong>,\u00a0<strong>DJ 703<\/strong>). Se ac\u0163ioneaz\u0103 pentru cur\u0103\u0163area p\u0103r\u0163ii carosabile.<\/p>\n<p style=\"text-align: justify;\">\u00cen\u00a0<strong>jude\u0163ul Bac\u0103u<\/strong>, traficul este oprit pe\u00a0<strong>DJ119 A<\/strong>\u00a0(Ureche\u0219ti &#8211; Sascut) pe tronsonul cuprins \u00eentre comuna Ureche\u0219ti (km 0) \u0219i satul Con\u021be\u0219ti (km 5 + 500), din cauza condi\u021biilor meteo nefavorabile (ninsoare \u0219i viscol). Variant\u0103 ocolitoare: comuna Ureche\u0219ti &#8211; DN11A &#8211; Adjud &#8211; DN2 \u2013 comuna Sascut.<\/p>\n<p style=\"text-align: justify;\">Pentru evitarea situa\u0163iilor nedorite pe drumurile publice, recomand\u0103m conduc\u0103torilor auto s\u0103 nu plece la drum dac\u0103 nu au autovehiculele echipate cu anvelope de iarn\u0103, s\u0103 p\u0103streze \u00een mers o distan\u0163\u0103 suficient de mare pentru a putea opri \u00een condi\u0163ii de siguran\u0163\u0103 \u015fi s\u0103 adopte \u00een general o conduit\u0103 preventiv\u0103 la volan, adapt\u00e2nd \u00een permanen\u0163\u0103 viteza la condi\u0163iile de trafic \u015fi de drum.<\/p>\n<p style=\"text-align: justify;\"><strong>***<\/strong><\/p>\n<p style=\"text-align: justify;\">Din cauza v\u00e2ntului puternic, \u00een\u00a0<strong>jude\u0163ul Constan\u0163a<\/strong>\u00a0au fost \u00eenchise porturile Midia, Mangalia, Constan\u0163a Nord \u015fi Constan\u0163a Sud-Agigea.<\/p>\n","protected":false},"excerpt":{"rendered":"<p>Potrivit inspectorului \u015fef al Inspectoratului pentru Situa\u0163ii de Urgen\u0163\u0103 &#8222;Vla\u015fca&#8221; al jude\u0163ului Giurgiu, colonel Emil Apostol,<\/p>\n","protected":false},"author":1,"featured_media":0,"comment_status":"open","ping_status":"open","sticky":false,"template":"","format":"standard","meta":{"footnotes":""},"categories":[6],"tags":[],"class_list":["post-50113","post","type-post","status-publish","format-standard","hentry","category-breaking-news"],"_links":{"self":[{"href":"https:\/\/www.giurgiuveanul.ro\/stiri\/wp-json\/wp\/v2\/posts\/50113","targetHints":{"allow":["GET"]}}],"collection":[{"href":"https:\/\/www.giurgiuveanul.ro\/stiri\/wp-json\/wp\/v2\/posts"}],"about":[{"href":"https:\/\/www.giurgiuveanul.ro\/stiri\/wp-json\/wp\/v2\/types\/post"}],"author":[{"embeddable":true,"href":"https:\/\/www.giurgiuveanul.ro\/stiri\/wp-json\/wp\/v2\/users\/1"}],"replies":[{"embeddable":true,"href":"https:\/\/www.giurgiuveanul.ro\/stiri\/wp-json\/wp\/v2\/comments?post=50113"}],"version-history":[{"count":0,"href":"https:\/\/www.giurgiuveanul.ro\/stiri\/wp-json\/wp\/v2\/posts\/50113\/revisions"}],"wp:attachment":[{"href":"https:\/\/www.giurgiuveanul.ro\/stiri\/wp-json\/wp\/v2\/media?parent=50113"}],"wp:term":[{"taxonomy":"category","embeddable":true,"href":"https:\/\/www.giurgiuveanul.ro\/stiri\/wp-json\/wp\/v2\/categories?post=50113"},{"taxonomy":"post_tag","embeddable":true,"href":"https:\/\/www.giurgiuveanul.ro\/stiri\/wp-json\/wp\/v2\/tags?post=50113"}],"curies":[{"name":"wp","href":"https:\/\/api.w.org\/{rel}","templated":true}]}}