{"id":50135,"date":"2018-02-26T13:33:14","date_gmt":"2018-02-26T11:33:14","guid":{"rendered":"https:\/\/www.giurgiuveanul.ro\/stiri\/?p=50135"},"modified":"2018-02-26T13:33:14","modified_gmt":"2018-02-26T11:33:14","slug":"autoritatile-in-alerta-pompierii-militari-gata-de-actiune","status":"publish","type":"post","link":"https:\/\/www.giurgiuveanul.ro\/stiri\/autoritatile-in-alerta-pompierii-militari-gata-de-actiune\/","title":{"rendered":"Autorit\u0103\u021bile, \u00ceN ALERT\u0102! Pompierii militari, gata de ac\u0163iune!"},"content":{"rendered":"<p style=\"text-align: justify;\"><a href=\"https:\/\/www.giurgiuveanul.ro\/stiri\/wp-content\/uploads\/2018\/02\/senilata.jpg\"><img loading=\"lazy\" decoding=\"async\" class=\"aligncenter size-large wp-image-50136\" src=\"https:\/\/www.giurgiuveanul.ro\/stiri\/wp-content\/uploads\/2018\/02\/senilata-560x420.jpg\" alt=\"senilata\" width=\"560\" height=\"420\" srcset=\"https:\/\/www.giurgiuveanul.ro\/stiri\/wp-content\/uploads\/2018\/02\/senilata-560x420.jpg 560w, https:\/\/www.giurgiuveanul.ro\/stiri\/wp-content\/uploads\/2018\/02\/senilata-250x188.jpg 250w, https:\/\/www.giurgiuveanul.ro\/stiri\/wp-content\/uploads\/2018\/02\/senilata-400x300.jpg 400w, https:\/\/www.giurgiuveanul.ro\/stiri\/wp-content\/uploads\/2018\/02\/senilata.jpg 860w\" sizes=\"auto, (max-width: 560px) 100vw, 560px\" \/><\/a>Peste 100 de<!--more--> pompieri militari pe fiecare tur\u0103, cu mijloacele tehnice aferente sunt preg\u0103ti\u0163i s\u0103 intervin\u0103 \u00een sprijinul popula\u0163iei \u015fi autorit\u0103\u0163ilor locale din Giurgiu, jude\u021b vizat de producerea unor fenomene meteorologice extreme.<\/p>\n<p style=\"text-align: justify;\">O \u0219enilat\u0103, o autofrez\u0103, sunt preg\u0103tite s\u0103 intervin\u0103 \u00een caz de necesitate. \u00a0Odat\u0103 cu apari\u0163ia primelor efecte de vreme rea, a fost opera\u021bionalizat\u0103 grupa operativ\u0103 la nivelul ISU Giurgiu \u0219i activat Centrul jude\u0163ean de coordonare \u015fi conducere a interven\u0163iei Giurgiu.<\/p>\n<p style=\"text-align: justify;\">ISU Giurgiu aminte\u0219te popula\u021biei s\u0103 evite situa\u0163iile extreme ce pot pune \u00een pericol via\u0163a \u015fi s\u0103n\u0103tatea, iar celor care pornesc la drum \u00een aceast\u0103 perioad\u0103 s\u0103 se informeze asupra traseelor pe care le au de parcurs \u015fi s\u0103 evite drumurile greu accesibile.<\/p>\n","protected":false},"excerpt":{"rendered":"<p>Peste 100 de<\/p>\n","protected":false},"author":1,"featured_media":0,"comment_status":"open","ping_status":"open","sticky":false,"template":"","format":"standard","meta":{"footnotes":""},"categories":[6],"tags":[],"class_list":["post-50135","post","type-post","status-publish","format-standard","hentry","category-breaking-news"],"_links":{"self":[{"href":"https:\/\/www.giurgiuveanul.ro\/stiri\/wp-json\/wp\/v2\/posts\/50135","targetHints":{"allow":["GET"]}}],"collection":[{"href":"https:\/\/www.giurgiuveanul.ro\/stiri\/wp-json\/wp\/v2\/posts"}],"about":[{"href":"https:\/\/www.giurgiuveanul.ro\/stiri\/wp-json\/wp\/v2\/types\/post"}],"author":[{"embeddable":true,"href":"https:\/\/www.giurgiuveanul.ro\/stiri\/wp-json\/wp\/v2\/users\/1"}],"replies":[{"embeddable":true,"href":"https:\/\/www.giurgiuveanul.ro\/stiri\/wp-json\/wp\/v2\/comments?post=50135"}],"version-history":[{"count":0,"href":"https:\/\/www.giurgiuveanul.ro\/stiri\/wp-json\/wp\/v2\/posts\/50135\/revisions"}],"wp:attachment":[{"href":"https:\/\/www.giurgiuveanul.ro\/stiri\/wp-json\/wp\/v2\/media?parent=50135"}],"wp:term":[{"taxonomy":"category","embeddable":true,"href":"https:\/\/www.giurgiuveanul.ro\/stiri\/wp-json\/wp\/v2\/categories?post=50135"},{"taxonomy":"post_tag","embeddable":true,"href":"https:\/\/www.giurgiuveanul.ro\/stiri\/wp-json\/wp\/v2\/tags?post=50135"}],"curies":[{"name":"wp","href":"https:\/\/api.w.org\/{rel}","templated":true}]}}