{"id":50144,"date":"2018-02-26T19:15:09","date_gmt":"2018-02-26T17:15:09","guid":{"rendered":"https:\/\/www.giurgiuveanul.ro\/stiri\/?p=50144"},"modified":"2018-02-26T19:15:09","modified_gmt":"2018-02-26T17:15:09","slug":"le-ati-vazut-politia-cauta-aceste-minore-disparute","status":"publish","type":"post","link":"https:\/\/www.giurgiuveanul.ro\/stiri\/le-ati-vazut-politia-cauta-aceste-minore-disparute\/","title":{"rendered":"Le-a\u0163i v\u0103zut? Poli\u021bia caut\u0103 aceste minore disp\u0103rute"},"content":{"rendered":"<p style=\"text-align: justify;\"><strong><a href=\"https:\/\/www.giurgiuveanul.ro\/stiri\/wp-content\/uploads\/2018\/02\/missing.jpg\"><img loading=\"lazy\" decoding=\"async\" class=\"aligncenter size-large wp-image-50146\" src=\"https:\/\/www.giurgiuveanul.ro\/stiri\/wp-content\/uploads\/2018\/02\/missing-560x360.jpg\" alt=\"missing\" width=\"560\" height=\"360\" srcset=\"https:\/\/www.giurgiuveanul.ro\/stiri\/wp-content\/uploads\/2018\/02\/missing-560x360.jpg 560w, https:\/\/www.giurgiuveanul.ro\/stiri\/wp-content\/uploads\/2018\/02\/missing-250x161.jpg 250w, https:\/\/www.giurgiuveanul.ro\/stiri\/wp-content\/uploads\/2018\/02\/missing-400x257.jpg 400w, https:\/\/www.giurgiuveanul.ro\/stiri\/wp-content\/uploads\/2018\/02\/missing.jpg 800w\" sizes=\"auto, (max-width: 560px) 100vw, 560px\" \/><\/a>Poli\u021bi\u0219tii Serviciului Investiga\u021bii Criminale din cadrul Inspectoratului de Poli\u021bie Jude\u021bean Giurgiu<!--more--> fac apel la cet\u0103\u021beni s\u0103 \u00eei anun\u021be dac\u0103 au informa\u021bii cu privire la dou\u0103 minore, plecate voluntar la data de 24.02.2018 de la casa de tip familial din municipiul Giurgiu, unde locuiau.<\/strong><\/p>\n<p style=\"text-align: justify;\"><strong>BEN\u021aA IONELA &#8211; CRISTINA<\/strong>, de 12 ani, n\u0103scut\u0103 la data de 28.04.2005, \u00een municipiul Giurgiu, beneficiar al m\u0103surii de protec\u021bie social\u0103, \u00een data de 24.02.2018, la ora 13.00, a plecat de la c\u0103su\u021ba unde este institu\u021bionalizat\u0103 \u0219i nu a mai revenit.<\/p>\n<p style=\"text-align: justify;\"><a href=\"https:\/\/www.giurgiuveanul.ro\/stiri\/wp-content\/uploads\/2018\/02\/minora-disparuta-2.jpg\"><img loading=\"lazy\" decoding=\"async\" class=\"aligncenter size-large wp-image-50147\" src=\"https:\/\/www.giurgiuveanul.ro\/stiri\/wp-content\/uploads\/2018\/02\/minora-disparuta-2-367x450.jpg\" alt=\"minora disparuta 2\" width=\"367\" height=\"450\" srcset=\"https:\/\/www.giurgiuveanul.ro\/stiri\/wp-content\/uploads\/2018\/02\/minora-disparuta-2-367x450.jpg 367w, https:\/\/www.giurgiuveanul.ro\/stiri\/wp-content\/uploads\/2018\/02\/minora-disparuta-2-245x300.jpg 245w, https:\/\/www.giurgiuveanul.ro\/stiri\/wp-content\/uploads\/2018\/02\/minora-disparuta-2-400x490.jpg 400w, https:\/\/www.giurgiuveanul.ro\/stiri\/wp-content\/uploads\/2018\/02\/minora-disparuta-2.jpg 653w\" sizes=\"auto, (max-width: 367px) 100vw, 367px\" \/><\/a><\/p>\n<p style=\"text-align: justify;\"><strong>SEMNALMENTE:<\/strong>\u00a0 1,60 metri \u00een\u0103l\u021bime, 50 kg., p\u0103r \u0219aten de lungime medie, ochi c\u0103prui, tenul alb.<\/p>\n<p style=\"text-align: justify;\">La momentul plec\u0103rii purta o geac\u0103 de f\u00e2\u0219 de culoarea ro\u0219ie, pantaloni deschi\u0219i la culoare, purta pe cap o c\u0103ciul\u0103 de culoare roz cu doi ciucuri \u00een lateral.<\/p>\n<p style=\"text-align: justify;\"><strong>PORUMBARU ANDREEA<\/strong>, de 14 ani, n\u0103scut\u0103 la data de 27.04.2003, \u00een municipiul Bucure\u0219ti, beneficiar al m\u0103surii de protec\u021bie social\u0103, \u00een data de 24.02.2018, la ora 13.00, a plecat de la c\u0103su\u021ba unde este institu\u021bionalizat\u0103 \u0219i nu a mai revenit.<\/p>\n<p style=\"text-align: justify;\"><a href=\"https:\/\/www.giurgiuveanul.ro\/stiri\/wp-content\/uploads\/2018\/02\/minora-disparuta-1.jpg\"><img loading=\"lazy\" decoding=\"async\" class=\"aligncenter size-large wp-image-50148\" src=\"https:\/\/www.giurgiuveanul.ro\/stiri\/wp-content\/uploads\/2018\/02\/minora-disparuta-1-367x450.jpg\" alt=\"minora disparuta 1\" width=\"367\" height=\"450\" srcset=\"https:\/\/www.giurgiuveanul.ro\/stiri\/wp-content\/uploads\/2018\/02\/minora-disparuta-1-367x450.jpg 367w, https:\/\/www.giurgiuveanul.ro\/stiri\/wp-content\/uploads\/2018\/02\/minora-disparuta-1-245x300.jpg 245w, https:\/\/www.giurgiuveanul.ro\/stiri\/wp-content\/uploads\/2018\/02\/minora-disparuta-1-400x490.jpg 400w, https:\/\/www.giurgiuveanul.ro\/stiri\/wp-content\/uploads\/2018\/02\/minora-disparuta-1.jpg 653w\" sizes=\"auto, (max-width: 367px) 100vw, 367px\" \/><\/a><\/p>\n<p style=\"text-align: justify;\"><strong>SEMNALMENTE:<\/strong>\u00a0 1,55 metri \u00een\u0103l\u021bime, 45 kg., p\u0103r negru, ochi c\u0103prui, ten m\u0103sliniu.<\/p>\n<p style=\"text-align: justify;\">La momentul plec\u0103rii purta o geac\u0103 de f\u00e2\u0219 de culoare neagr\u0103, pantaloni tip colant culoare alb cu negru, purta ghete aurii, din \u00eenlocuitor de piele, lucioase.<\/p>\n<p style=\"text-align: justify;\">\n<p style=\"text-align: justify;\">\u00cen caz de depistare se va contacta <strong>Biroul Urm\u0103riri<\/strong> din cadrul Serviciului Investiga\u021bii Criminale, de la Inspectoratul de Poli\u021bie Jude\u021bean Giurgiu, la num\u0103rul de telefon <strong>0246 207164<\/strong> sau se va apela<strong> num\u0103rul de urgen\u021b\u0103 112<\/strong>.<\/p>\n","protected":false},"excerpt":{"rendered":"<p>Poli\u021bi\u0219tii Serviciului Investiga\u021bii Criminale din cadrul Inspectoratului de Poli\u021bie Jude\u021bean Giurgiu<\/p>\n","protected":false},"author":1,"featured_media":0,"comment_status":"open","ping_status":"open","sticky":false,"template":"","format":"standard","meta":{"footnotes":""},"categories":[6],"tags":[],"class_list":["post-50144","post","type-post","status-publish","format-standard","hentry","category-breaking-news"],"_links":{"self":[{"href":"https:\/\/www.giurgiuveanul.ro\/stiri\/wp-json\/wp\/v2\/posts\/50144","targetHints":{"allow":["GET"]}}],"collection":[{"href":"https:\/\/www.giurgiuveanul.ro\/stiri\/wp-json\/wp\/v2\/posts"}],"about":[{"href":"https:\/\/www.giurgiuveanul.ro\/stiri\/wp-json\/wp\/v2\/types\/post"}],"author":[{"embeddable":true,"href":"https:\/\/www.giurgiuveanul.ro\/stiri\/wp-json\/wp\/v2\/users\/1"}],"replies":[{"embeddable":true,"href":"https:\/\/www.giurgiuveanul.ro\/stiri\/wp-json\/wp\/v2\/comments?post=50144"}],"version-history":[{"count":0,"href":"https:\/\/www.giurgiuveanul.ro\/stiri\/wp-json\/wp\/v2\/posts\/50144\/revisions"}],"wp:attachment":[{"href":"https:\/\/www.giurgiuveanul.ro\/stiri\/wp-json\/wp\/v2\/media?parent=50144"}],"wp:term":[{"taxonomy":"category","embeddable":true,"href":"https:\/\/www.giurgiuveanul.ro\/stiri\/wp-json\/wp\/v2\/categories?post=50144"},{"taxonomy":"post_tag","embeddable":true,"href":"https:\/\/www.giurgiuveanul.ro\/stiri\/wp-json\/wp\/v2\/tags?post=50144"}],"curies":[{"name":"wp","href":"https:\/\/api.w.org\/{rel}","templated":true}]}}