{"id":50150,"date":"2018-02-27T09:22:33","date_gmt":"2018-02-27T07:22:33","guid":{"rendered":"https:\/\/www.giurgiuveanul.ro\/stiri\/?p=50150"},"modified":"2018-02-27T09:22:33","modified_gmt":"2018-02-27T07:22:33","slug":"circulatia-pe-dn-5-se-desfasoara-in-mod-controlat-inca-doua-drumuri-nationale-si-sase-drumuri-judetene-raman-inchise-foto","status":"publish","type":"post","link":"https:\/\/www.giurgiuveanul.ro\/stiri\/circulatia-pe-dn-5-se-desfasoara-in-mod-controlat-inca-doua-drumuri-nationale-si-sase-drumuri-judetene-raman-inchise-foto\/","title":{"rendered":"Circula\u021bia pe DN 5 se desf\u0103\u0219oar\u0103 \u00een mod controlat. \u00cenc\u0103 dou\u0103 drumuri na\u021bionale \u0219i \u0219ase drumuri jude\u021bene r\u0103m\u00e2n \u00eenchise! (FOTO)"},"content":{"rendered":"<p style=\"text-align: justify;\"><a href=\"https:\/\/www.giurgiuveanul.ro\/stiri\/wp-content\/uploads\/2018\/02\/IMG_3184.jpg\"><img loading=\"lazy\" decoding=\"async\" class=\"aligncenter size-large wp-image-50151\" src=\"https:\/\/www.giurgiuveanul.ro\/stiri\/wp-content\/uploads\/2018\/02\/IMG_3184-538x450.jpg\" alt=\"IMG_3184\" width=\"538\" height=\"450\" srcset=\"https:\/\/www.giurgiuveanul.ro\/stiri\/wp-content\/uploads\/2018\/02\/IMG_3184-538x450.jpg 538w, https:\/\/www.giurgiuveanul.ro\/stiri\/wp-content\/uploads\/2018\/02\/IMG_3184-250x209.jpg 250w, https:\/\/www.giurgiuveanul.ro\/stiri\/wp-content\/uploads\/2018\/02\/IMG_3184-400x335.jpg 400w, https:\/\/www.giurgiuveanul.ro\/stiri\/wp-content\/uploads\/2018\/02\/IMG_3184.jpg 800w\" sizes=\"auto, (max-width: 538px) 100vw, 538px\" \/><\/a>\u00cen aceast\u0103 diminea\u021b\u0103, \u00een jurul orei <!--more-->8.15, Poli\u021bia Rutier\u0103 a decis s\u0103 reia circula\u021bia controlat\u0103 pe DN 5 Giurgiu-Bucure\u0219ti, dar numai pentru autoturisme, microbuze \u0219i autocare, dup\u0103 ce traficul a fost \u00eentrerupt asear\u0103, de la ora 21, din cauza viscolului puternic \u0219i a vizibilit\u0103\u021bii reduse.<\/p>\n<p style=\"text-align: justify;\"><a href=\"https:\/\/www.giurgiuveanul.ro\/stiri\/wp-content\/uploads\/2018\/02\/IMG_3220.jpg\"><img loading=\"lazy\" decoding=\"async\" class=\"aligncenter size-large wp-image-50152\" src=\"https:\/\/www.giurgiuveanul.ro\/stiri\/wp-content\/uploads\/2018\/02\/IMG_3220-516x450.jpg\" alt=\"IMG_3220\" width=\"516\" height=\"450\" srcset=\"https:\/\/www.giurgiuveanul.ro\/stiri\/wp-content\/uploads\/2018\/02\/IMG_3220-516x450.jpg 516w, https:\/\/www.giurgiuveanul.ro\/stiri\/wp-content\/uploads\/2018\/02\/IMG_3220-250x218.jpg 250w, https:\/\/www.giurgiuveanul.ro\/stiri\/wp-content\/uploads\/2018\/02\/IMG_3220-400x349.jpg 400w, https:\/\/www.giurgiuveanul.ro\/stiri\/wp-content\/uploads\/2018\/02\/IMG_3220.jpg 800w\" sizes=\"auto, (max-width: 516px) 100vw, 516px\" \/><\/a><\/p>\n<p style=\"text-align: justify;\">\n<p style=\"text-align: justify;\">Practic, s-a dat drumul traficului doar cu controlul poli\u021biei, echipaje de poli\u021bie \u00eenso\u021bind coloanele de ma\u0219ini. TIR-urile au fost direc\u021bionate \u00eenc\u0103 de asear\u0103 \u00een parc\u0103ri, unde vor r\u0103m\u00e2ne p\u00e2n\u0103 la reseschiderea circula\u021biei. De altfel, mai sunt sectoare de drum din jude\u0163ul <span style=\"color: #000000;\"><a style=\"color: #000000;\" href=\"http:\/\/giurgiupesurse.ro\/giurgiu-drumuri-nationale-judetene-si-comunale-inchise\/\">Giurgiu<\/a><\/span> \u00eenchise temporar circula\u0163iei, din cauza fenomenelor meteorologie severe. Vorbim de dou\u0103 \u00a0drumuri na\u021bionale \u0219i \u0219ase jude\u021bene.<\/p>\n<p style=\"text-align: justify;\"><a href=\"https:\/\/www.giurgiuveanul.ro\/stiri\/wp-content\/uploads\/2018\/02\/IMG_3111.jpg\"><img loading=\"lazy\" decoding=\"async\" class=\"aligncenter size-large wp-image-50153\" src=\"https:\/\/www.giurgiuveanul.ro\/stiri\/wp-content\/uploads\/2018\/02\/IMG_3111-560x370.jpg\" alt=\"IMG_3111\" width=\"560\" height=\"370\" srcset=\"https:\/\/www.giurgiuveanul.ro\/stiri\/wp-content\/uploads\/2018\/02\/IMG_3111-560x370.jpg 560w, https:\/\/www.giurgiuveanul.ro\/stiri\/wp-content\/uploads\/2018\/02\/IMG_3111-250x165.jpg 250w, https:\/\/www.giurgiuveanul.ro\/stiri\/wp-content\/uploads\/2018\/02\/IMG_3111-400x265.jpg 400w, https:\/\/www.giurgiuveanul.ro\/stiri\/wp-content\/uploads\/2018\/02\/IMG_3111.jpg 800w\" sizes=\"auto, (max-width: 560px) 100vw, 560px\" \/><\/a><\/p>\n<p style=\"text-align: justify;\"><a href=\"https:\/\/www.giurgiuveanul.ro\/stiri\/wp-content\/uploads\/2018\/02\/IMG_3128.jpg\"><img loading=\"lazy\" decoding=\"async\" class=\"aligncenter size-large wp-image-50154\" src=\"https:\/\/www.giurgiuveanul.ro\/stiri\/wp-content\/uploads\/2018\/02\/IMG_3128-560x356.jpg\" alt=\"IMG_3128\" width=\"560\" height=\"356\" srcset=\"https:\/\/www.giurgiuveanul.ro\/stiri\/wp-content\/uploads\/2018\/02\/IMG_3128-560x356.jpg 560w, https:\/\/www.giurgiuveanul.ro\/stiri\/wp-content\/uploads\/2018\/02\/IMG_3128-250x159.jpg 250w, https:\/\/www.giurgiuveanul.ro\/stiri\/wp-content\/uploads\/2018\/02\/IMG_3128-400x255.jpg 400w, https:\/\/www.giurgiuveanul.ro\/stiri\/wp-content\/uploads\/2018\/02\/IMG_3128.jpg 800w\" sizes=\"auto, (max-width: 560px) 100vw, 560px\" \/><\/a><\/p>\n<p style=\"text-align: justify;\">\n<p style=\"text-align: justify;\">Inspectorul \u015fef al IPJ Giurgiu, <strong>comisar \u015fef C\u0103t\u0103lin \u0162one<\/strong>, se afl\u0103 <em>(de ieri)<\/em> pe DN 5, al\u0103turi de \u015feful Serviciului Poli\u0163iei Rutiere, <strong>comisar \u015fef Marian Popescu<\/strong>.<\/p>\n<p style=\"text-align: justify;\"><a href=\"https:\/\/www.giurgiuveanul.ro\/stiri\/wp-content\/uploads\/2018\/02\/IMG_3147.jpg\"><img loading=\"lazy\" decoding=\"async\" class=\"aligncenter size-large wp-image-50155\" src=\"https:\/\/www.giurgiuveanul.ro\/stiri\/wp-content\/uploads\/2018\/02\/IMG_3147-395x450.jpg\" alt=\"IMG_3147\" width=\"395\" height=\"450\" srcset=\"https:\/\/www.giurgiuveanul.ro\/stiri\/wp-content\/uploads\/2018\/02\/IMG_3147-395x450.jpg 395w, https:\/\/www.giurgiuveanul.ro\/stiri\/wp-content\/uploads\/2018\/02\/IMG_3147-250x284.jpg 250w, https:\/\/www.giurgiuveanul.ro\/stiri\/wp-content\/uploads\/2018\/02\/IMG_3147-400x455.jpg 400w, https:\/\/www.giurgiuveanul.ro\/stiri\/wp-content\/uploads\/2018\/02\/IMG_3147.jpg 703w\" sizes=\"auto, (max-width: 395px) 100vw, 395px\" \/><\/a><\/p>\n<p style=\"text-align: justify;\">Totodat\u0103, pe DN 5 B a fost restric\u021bionat\u0103 circula\u021bia autovehiculelor cu masa mai mare de 7,5 tone. Acesta sunt drumurile \u00eenchise.<\/p>\n<p style=\"text-align: justify;\">\u2013 DN 41, Dai\u021ba- C\u0103scioarele CL \u00eenchidere temporar\u0103 a circula\u021biei din cauza viscolului (precipita\u021bii \u015fi vizibilitate sc\u0103zut\u0103);<br \/>\n\u2013 DN 5B, sos. B\u0103lanoaiei, mun. <span style=\"color: #000000;\"><a style=\"color: #000000;\" href=\"http:\/\/giurgiupesurse.ro\/giurgiu-drumuri-nationale-judetene-si-comunale-inchise\/\">Giurgiu<\/a><\/span>&#8211; intersec\u021bie cu DN 6, Ghimpa\u021bi, \u00eenchidere temporar\u0103 a circula\u021biei din cauza viscolului (precipita\u021bii \u015fi vizibilitate sc\u0103zut\u0103);<\/p>\n<p style=\"text-align: justify;\">\u2013 DC 117, <span style=\"color: #000000;\"><a style=\"color: #000000;\" href=\"http:\/\/giurgiupesurse.ro\/giurgiu-drumuri-nationale-judetene-si-comunale-inchise\/\">Giurgiu<\/a><\/span>&#8211; St\u0103ne\u015fti, \u00eenchidere temporar\u0103 a circula\u021biei din cauza viscolului (precipita\u021bii \u015fi vizibilitate sc\u0103zut\u0103);<br \/>\n\u2013 DJ 503, Once\u015fti \u2013 Radu Vod\u0103, \u00eenchidere temporar\u0103 a circula\u021biei din cauza viscolului (precipita\u021bii \u015fi vizibilitate sc\u0103zut\u0103);<br \/>\n\u2013 DJ 503, <span style=\"color: #000000;\"><a style=\"color: #000000;\" href=\"http:\/\/giurgiupesurse.ro\/giurgiu-drumuri-nationale-judetene-si-comunale-inchise\/\">Giurgiu<\/a><\/span>&#8211; St\u0103ne\u015fti, \u00eenchidere temporar\u0103 a circula\u021biei din cauza viscolului (precipita\u021bii \u015fi vizibilitate sc\u0103zut\u0103);<br \/>\n\u2013 DJ 5 A, Fala\u015ftoaca \u2013 Isvoarele, \u00eenchidere temporar\u0103 a circula\u021biei din cauza viscolului (precipita\u021bii \u015fi vizibilitate sc\u0103zut\u0103);<br \/>\n\u2013 DJ 603, intersec\u021bie cu DN 5- Mihai Bravu, \u00eenchidere temporar\u0103 a circula\u021biei din cauza viscolului (precipita\u021bii \u015fi vizibilitate sc\u0103zut\u0103);<br \/>\n\u2013 DJ 411, intersec\u021bie cu DN 5 C\u0103lug\u0103reni \u2013 Singureni, \u00eenchidere temporar\u0103 a circula\u021biei din cauza viscolului (precipita\u021bii \u015fi vizibilitate sc\u0103zut\u0103);<br \/>\n\u2013 DJ 401 B, Her\u0103\u015fti- intersec\u021bie cu DN 4 Gruiu, CL, \u00eenchidere temporar\u0103 a circula\u021biei din cauza viscolului (precipita\u021bii \u015fi vizibilitate sc\u0103zut\u0103);<\/p>\n","protected":false},"excerpt":{"rendered":"<p>\u00cen aceast\u0103 diminea\u021b\u0103, \u00een jurul orei<\/p>\n","protected":false},"author":1,"featured_media":0,"comment_status":"open","ping_status":"open","sticky":false,"template":"","format":"standard","meta":{"footnotes":""},"categories":[6],"tags":[],"class_list":["post-50150","post","type-post","status-publish","format-standard","hentry","category-breaking-news"],"_links":{"self":[{"href":"https:\/\/www.giurgiuveanul.ro\/stiri\/wp-json\/wp\/v2\/posts\/50150","targetHints":{"allow":["GET"]}}],"collection":[{"href":"https:\/\/www.giurgiuveanul.ro\/stiri\/wp-json\/wp\/v2\/posts"}],"about":[{"href":"https:\/\/www.giurgiuveanul.ro\/stiri\/wp-json\/wp\/v2\/types\/post"}],"author":[{"embeddable":true,"href":"https:\/\/www.giurgiuveanul.ro\/stiri\/wp-json\/wp\/v2\/users\/1"}],"replies":[{"embeddable":true,"href":"https:\/\/www.giurgiuveanul.ro\/stiri\/wp-json\/wp\/v2\/comments?post=50150"}],"version-history":[{"count":0,"href":"https:\/\/www.giurgiuveanul.ro\/stiri\/wp-json\/wp\/v2\/posts\/50150\/revisions"}],"wp:attachment":[{"href":"https:\/\/www.giurgiuveanul.ro\/stiri\/wp-json\/wp\/v2\/media?parent=50150"}],"wp:term":[{"taxonomy":"category","embeddable":true,"href":"https:\/\/www.giurgiuveanul.ro\/stiri\/wp-json\/wp\/v2\/categories?post=50150"},{"taxonomy":"post_tag","embeddable":true,"href":"https:\/\/www.giurgiuveanul.ro\/stiri\/wp-json\/wp\/v2\/tags?post=50150"}],"curies":[{"name":"wp","href":"https:\/\/api.w.org\/{rel}","templated":true}]}}