{"id":50164,"date":"2018-02-27T15:53:22","date_gmt":"2018-02-27T13:53:22","guid":{"rendered":"https:\/\/www.giurgiuveanul.ro\/stiri\/?p=50164"},"modified":"2018-02-27T15:53:22","modified_gmt":"2018-02-27T13:53:22","slug":"ultima-ora-se-vor-relua-cursurile-in-invatamantul-giurgiuvean","status":"publish","type":"post","link":"https:\/\/www.giurgiuveanul.ro\/stiri\/ultima-ora-se-vor-relua-cursurile-in-invatamantul-giurgiuvean\/","title":{"rendered":"ULTIMA OR\u0102! Se vor relua cursurile \u00een \u00eenv\u0103\u0163\u0103m\u00e2ntul giurgiuvean?"},"content":{"rendered":"<p style=\"text-align: justify;\"><a href=\"https:\/\/www.giurgiuveanul.ro\/stiri\/wp-content\/uploads\/2018\/02\/28277352_772389946294373_6074825621990744604_n.jpg\"><img loading=\"lazy\" decoding=\"async\" class=\"aligncenter size-large wp-image-50165\" src=\"https:\/\/www.giurgiuveanul.ro\/stiri\/wp-content\/uploads\/2018\/02\/28277352_772389946294373_6074825621990744604_n-502x450.jpg\" alt=\"28277352_772389946294373_6074825621990744604_n\" width=\"502\" height=\"450\" srcset=\"https:\/\/www.giurgiuveanul.ro\/stiri\/wp-content\/uploads\/2018\/02\/28277352_772389946294373_6074825621990744604_n-502x450.jpg 502w, https:\/\/www.giurgiuveanul.ro\/stiri\/wp-content\/uploads\/2018\/02\/28277352_772389946294373_6074825621990744604_n-250x224.jpg 250w, https:\/\/www.giurgiuveanul.ro\/stiri\/wp-content\/uploads\/2018\/02\/28277352_772389946294373_6074825621990744604_n-400x359.jpg 400w, https:\/\/www.giurgiuveanul.ro\/stiri\/wp-content\/uploads\/2018\/02\/28277352_772389946294373_6074825621990744604_n.jpg 960w\" sizes=\"auto, (max-width: 502px) 100vw, 502px\" \/><\/a>Unit\u0103\u021bile de \u00eenv\u0103\u021b\u0103m\u00e2nt din jude\u021bul Giurgiu <!--more-->nu-\u0219i vor deschide por\u021bile nici miercuri.Decizia a fost luat\u0103 \u00een \u0219edin\u021ba Comitetului Jude\u021bean pentru Situa\u021bii de Urgen\u021b\u0103, din cauza condi\u021biilor meteo nefavorabile.<\/p>\n<p style=\"text-align: justify;\">\u00cencep\u00e2nd de m\u00e2ine, 28 februarie, \u00eentre orele 6.00-20.00, Giurgiu se va afla din nou sub cod portocaliu de <strong>intensific\u0103ri sus\u021binute ale v\u00e2ntului, ninsoare puternic viscolit\u0103, z\u0103pad\u0103 spulberat\u0103 \u0219i vizibilitate sc\u0103zut\u0103.<\/strong><\/p>\n","protected":false},"excerpt":{"rendered":"<p>Unit\u0103\u021bile de \u00eenv\u0103\u021b\u0103m\u00e2nt din jude\u021bul Giurgiu<\/p>\n","protected":false},"author":1,"featured_media":0,"comment_status":"open","ping_status":"open","sticky":false,"template":"","format":"standard","meta":{"footnotes":""},"categories":[6],"tags":[],"class_list":["post-50164","post","type-post","status-publish","format-standard","hentry","category-breaking-news"],"_links":{"self":[{"href":"https:\/\/www.giurgiuveanul.ro\/stiri\/wp-json\/wp\/v2\/posts\/50164","targetHints":{"allow":["GET"]}}],"collection":[{"href":"https:\/\/www.giurgiuveanul.ro\/stiri\/wp-json\/wp\/v2\/posts"}],"about":[{"href":"https:\/\/www.giurgiuveanul.ro\/stiri\/wp-json\/wp\/v2\/types\/post"}],"author":[{"embeddable":true,"href":"https:\/\/www.giurgiuveanul.ro\/stiri\/wp-json\/wp\/v2\/users\/1"}],"replies":[{"embeddable":true,"href":"https:\/\/www.giurgiuveanul.ro\/stiri\/wp-json\/wp\/v2\/comments?post=50164"}],"version-history":[{"count":0,"href":"https:\/\/www.giurgiuveanul.ro\/stiri\/wp-json\/wp\/v2\/posts\/50164\/revisions"}],"wp:attachment":[{"href":"https:\/\/www.giurgiuveanul.ro\/stiri\/wp-json\/wp\/v2\/media?parent=50164"}],"wp:term":[{"taxonomy":"category","embeddable":true,"href":"https:\/\/www.giurgiuveanul.ro\/stiri\/wp-json\/wp\/v2\/categories?post=50164"},{"taxonomy":"post_tag","embeddable":true,"href":"https:\/\/www.giurgiuveanul.ro\/stiri\/wp-json\/wp\/v2\/tags?post=50164"}],"curies":[{"name":"wp","href":"https:\/\/api.w.org\/{rel}","templated":true}]}}