{"id":50177,"date":"2018-02-28T09:56:52","date_gmt":"2018-02-28T07:56:52","guid":{"rendered":"https:\/\/www.giurgiuveanul.ro\/stiri\/?p=50177"},"modified":"2018-02-28T09:56:52","modified_gmt":"2018-02-28T07:56:52","slug":"actiunile-jandarmeriei-si-politiei-giurgiu-au-continuat-pe-dn-5-foto","status":"publish","type":"post","link":"https:\/\/www.giurgiuveanul.ro\/stiri\/actiunile-jandarmeriei-si-politiei-giurgiu-au-continuat-pe-dn-5-foto\/","title":{"rendered":"Ac\u021biunile Jandarmeriei \u015fi Poli\u0163iei Giurgiu au continuat pe DN 5 (FOTO)"},"content":{"rendered":"<p style=\"text-align: justify;\"><strong><a href=\"https:\/\/www.giurgiuveanul.ro\/stiri\/wp-content\/uploads\/2018\/02\/16.jpg\"><img loading=\"lazy\" decoding=\"async\" class=\"aligncenter size-large wp-image-50178\" src=\"https:\/\/www.giurgiuveanul.ro\/stiri\/wp-content\/uploads\/2018\/02\/16-560x315.jpg\" alt=\"16\" width=\"560\" height=\"315\" srcset=\"https:\/\/www.giurgiuveanul.ro\/stiri\/wp-content\/uploads\/2018\/02\/16-560x315.jpg 560w, https:\/\/www.giurgiuveanul.ro\/stiri\/wp-content\/uploads\/2018\/02\/16-250x141.jpg 250w, https:\/\/www.giurgiuveanul.ro\/stiri\/wp-content\/uploads\/2018\/02\/16-400x225.jpg 400w, https:\/\/www.giurgiuveanul.ro\/stiri\/wp-content\/uploads\/2018\/02\/16.jpg 960w\" sizes=\"auto, (max-width: 560px) 100vw, 560px\" \/><\/a>Jandarmii \u0219i poli\u021bi\u0219tii giurgiuveni au <!--more-->organizat ieri, 27 februarie a.c., \u00eencep\u00e2nd cu ora 18.00, o ac\u021biune comun\u0103 \u0219i au distribuit ceai cald, cafea \u0219i produse de panifica\u021bie \u0219oferilor de autocamioane. \u021ain\u00e2nd cont de temperaturile sc\u0103zute, ac\u021biunea s-a derulat \u0219i pe timpul nop\u021bii.<\/strong><\/p>\n<p style=\"text-align: justify;\"><a href=\"https:\/\/www.giurgiuveanul.ro\/stiri\/wp-content\/uploads\/2018\/02\/15.jpg\"><img loading=\"lazy\" decoding=\"async\" class=\"aligncenter size-large wp-image-50179\" src=\"https:\/\/www.giurgiuveanul.ro\/stiri\/wp-content\/uploads\/2018\/02\/15-560x315.jpg\" alt=\"15\" width=\"560\" height=\"315\" srcset=\"https:\/\/www.giurgiuveanul.ro\/stiri\/wp-content\/uploads\/2018\/02\/15-560x315.jpg 560w, https:\/\/www.giurgiuveanul.ro\/stiri\/wp-content\/uploads\/2018\/02\/15-250x141.jpg 250w, https:\/\/www.giurgiuveanul.ro\/stiri\/wp-content\/uploads\/2018\/02\/15-400x225.jpg 400w, https:\/\/www.giurgiuveanul.ro\/stiri\/wp-content\/uploads\/2018\/02\/15.jpg 960w\" sizes=\"auto, (max-width: 560px) 100vw, 560px\" \/><\/a><\/p>\n<p style=\"text-align: justify;\">Astfel, echipajele mixte au ac\u021bionat pe D.N. 5, \u0219oseaua Prieteniei \u0219i \u00een zona punctului vamal, viza\u021bi fiind \u0219oferii de autocamioane care a\u0219teptau s\u0103 \u00ee\u0219i continue deplasarea.<\/p>\n<p style=\"text-align: justify;\"><a href=\"https:\/\/www.giurgiuveanul.ro\/stiri\/wp-content\/uploads\/2018\/02\/17.jpg\"><img loading=\"lazy\" decoding=\"async\" class=\"aligncenter size-large wp-image-50180\" src=\"https:\/\/www.giurgiuveanul.ro\/stiri\/wp-content\/uploads\/2018\/02\/17-560x315.jpg\" alt=\"17\" width=\"560\" height=\"315\" srcset=\"https:\/\/www.giurgiuveanul.ro\/stiri\/wp-content\/uploads\/2018\/02\/17-560x315.jpg 560w, https:\/\/www.giurgiuveanul.ro\/stiri\/wp-content\/uploads\/2018\/02\/17-250x141.jpg 250w, https:\/\/www.giurgiuveanul.ro\/stiri\/wp-content\/uploads\/2018\/02\/17-400x225.jpg 400w, https:\/\/www.giurgiuveanul.ro\/stiri\/wp-content\/uploads\/2018\/02\/17.jpg 960w\" sizes=\"auto, (max-width: 560px) 100vw, 560px\" \/><\/a><\/p>\n<p style=\"text-align: justify;\">Av\u00e2nd \u00een vedere codul portocaliu de <strong>intensific\u0103ri sus\u021binute ale v\u00e2ntului \u0219i ninsoare puternic viscolit\u0103 <\/strong>emis de meteorologi pentru aceast\u0103 zi \u00een jude\u021bul Giurgiu, jandarmii sunt preg\u0103ti\u021bi s\u0103 intervin\u0103 acolo unde situ\u021bia va impune, \u00een sprijinul celorlalte institu\u021bii cu atribu\u021bii \u00een domeniu.<\/p>\n<p><em>Video link: <a href=\"https:\/\/www.facebook.com\/Jandarmeriagiurgiu\/videos\/1686851371376264\/\">https:\/\/www.facebook.com\/Jandarmeriagiurgiu\/videos\/1686851371376264\/<\/a> <\/em><\/p>\n<p style=\"text-align: center;\">\n<p style=\"text-align: center;\">Compartimentul Informare, Rela\u0163ii Publice \u015fi cu Publicul<\/p>\n","protected":false},"excerpt":{"rendered":"<p>Jandarmii \u0219i poli\u021bi\u0219tii giurgiuveni au<\/p>\n","protected":false},"author":1,"featured_media":0,"comment_status":"open","ping_status":"open","sticky":false,"template":"","format":"standard","meta":{"footnotes":""},"categories":[6],"tags":[],"class_list":["post-50177","post","type-post","status-publish","format-standard","hentry","category-breaking-news"],"_links":{"self":[{"href":"https:\/\/www.giurgiuveanul.ro\/stiri\/wp-json\/wp\/v2\/posts\/50177","targetHints":{"allow":["GET"]}}],"collection":[{"href":"https:\/\/www.giurgiuveanul.ro\/stiri\/wp-json\/wp\/v2\/posts"}],"about":[{"href":"https:\/\/www.giurgiuveanul.ro\/stiri\/wp-json\/wp\/v2\/types\/post"}],"author":[{"embeddable":true,"href":"https:\/\/www.giurgiuveanul.ro\/stiri\/wp-json\/wp\/v2\/users\/1"}],"replies":[{"embeddable":true,"href":"https:\/\/www.giurgiuveanul.ro\/stiri\/wp-json\/wp\/v2\/comments?post=50177"}],"version-history":[{"count":0,"href":"https:\/\/www.giurgiuveanul.ro\/stiri\/wp-json\/wp\/v2\/posts\/50177\/revisions"}],"wp:attachment":[{"href":"https:\/\/www.giurgiuveanul.ro\/stiri\/wp-json\/wp\/v2\/media?parent=50177"}],"wp:term":[{"taxonomy":"category","embeddable":true,"href":"https:\/\/www.giurgiuveanul.ro\/stiri\/wp-json\/wp\/v2\/categories?post=50177"},{"taxonomy":"post_tag","embeddable":true,"href":"https:\/\/www.giurgiuveanul.ro\/stiri\/wp-json\/wp\/v2\/tags?post=50177"}],"curies":[{"name":"wp","href":"https:\/\/api.w.org\/{rel}","templated":true}]}}