{"id":50185,"date":"2018-02-28T10:44:13","date_gmt":"2018-02-28T08:44:13","guid":{"rendered":"https:\/\/www.giurgiuveanul.ro\/stiri\/?p=50185"},"modified":"2018-02-28T10:44:13","modified_gmt":"2018-02-28T08:44:13","slug":"au-venit-berzele-la-giurgiu","status":"publish","type":"post","link":"https:\/\/www.giurgiuveanul.ro\/stiri\/au-venit-berzele-la-giurgiu\/","title":{"rendered":"Au venit \u201cberzele\u201d\u2026 la Giurgiu!"},"content":{"rendered":"<p style=\"text-align: justify; text-justify: inter-ideograph;\"><a href=\"https:\/\/www.giurgiuveanul.ro\/stiri\/wp-content\/uploads\/2018\/02\/28459529_1653587364719177_1705296569_n.jpg\"><img loading=\"lazy\" decoding=\"async\" class=\"aligncenter size-large wp-image-50186\" src=\"https:\/\/www.giurgiuveanul.ro\/stiri\/wp-content\/uploads\/2018\/02\/28459529_1653587364719177_1705296569_n-551x450.jpg\" alt=\"28459529_1653587364719177_1705296569_n\" width=\"551\" height=\"450\" srcset=\"https:\/\/www.giurgiuveanul.ro\/stiri\/wp-content\/uploads\/2018\/02\/28459529_1653587364719177_1705296569_n-551x450.jpg 551w, https:\/\/www.giurgiuveanul.ro\/stiri\/wp-content\/uploads\/2018\/02\/28459529_1653587364719177_1705296569_n-250x204.jpg 250w, https:\/\/www.giurgiuveanul.ro\/stiri\/wp-content\/uploads\/2018\/02\/28459529_1653587364719177_1705296569_n-400x327.jpg 400w, https:\/\/www.giurgiuveanul.ro\/stiri\/wp-content\/uploads\/2018\/02\/28459529_1653587364719177_1705296569_n.jpg 700w\" sizes=\"auto, (max-width: 551px) 100vw, 551px\" \/><\/a>M\u00e2ine\u2026pe 1 martie este debutul prim\u0103verii calendaristice. <!--more-->Un cititor ne-a trimis aceast\u0103 fotografie \u201csugestiv\u0103\u201d.<\/p>\n<p style=\"text-align: justify; text-justify: inter-ideograph;\">\u0162in\u00e2nd cont de \u201cfrumoasa\u201d vreme de afar\u0103\u2026 primele \u201cberze\u201d \u015fi-au f\u0103cut apari\u0163ia\u2026 la Giurgiu!<\/p>\n","protected":false},"excerpt":{"rendered":"<p>M\u00e2ine\u2026pe 1 martie este debutul prim\u0103verii calendaristice.<\/p>\n","protected":false},"author":1,"featured_media":0,"comment_status":"open","ping_status":"open","sticky":false,"template":"","format":"standard","meta":{"footnotes":""},"categories":[6],"tags":[],"class_list":["post-50185","post","type-post","status-publish","format-standard","hentry","category-breaking-news"],"_links":{"self":[{"href":"https:\/\/www.giurgiuveanul.ro\/stiri\/wp-json\/wp\/v2\/posts\/50185","targetHints":{"allow":["GET"]}}],"collection":[{"href":"https:\/\/www.giurgiuveanul.ro\/stiri\/wp-json\/wp\/v2\/posts"}],"about":[{"href":"https:\/\/www.giurgiuveanul.ro\/stiri\/wp-json\/wp\/v2\/types\/post"}],"author":[{"embeddable":true,"href":"https:\/\/www.giurgiuveanul.ro\/stiri\/wp-json\/wp\/v2\/users\/1"}],"replies":[{"embeddable":true,"href":"https:\/\/www.giurgiuveanul.ro\/stiri\/wp-json\/wp\/v2\/comments?post=50185"}],"version-history":[{"count":0,"href":"https:\/\/www.giurgiuveanul.ro\/stiri\/wp-json\/wp\/v2\/posts\/50185\/revisions"}],"wp:attachment":[{"href":"https:\/\/www.giurgiuveanul.ro\/stiri\/wp-json\/wp\/v2\/media?parent=50185"}],"wp:term":[{"taxonomy":"category","embeddable":true,"href":"https:\/\/www.giurgiuveanul.ro\/stiri\/wp-json\/wp\/v2\/categories?post=50185"},{"taxonomy":"post_tag","embeddable":true,"href":"https:\/\/www.giurgiuveanul.ro\/stiri\/wp-json\/wp\/v2\/tags?post=50185"}],"curies":[{"name":"wp","href":"https:\/\/api.w.org\/{rel}","templated":true}]}}