{"id":50191,"date":"2018-02-28T14:24:09","date_gmt":"2018-02-28T12:24:09","guid":{"rendered":"https:\/\/www.giurgiuveanul.ro\/stiri\/?p=50191"},"modified":"2018-02-28T14:24:15","modified_gmt":"2018-02-28T12:24:15","slug":"cursuri-suspendate-joi-si-vineri-in-judetul-giurgiu","status":"publish","type":"post","link":"https:\/\/www.giurgiuveanul.ro\/stiri\/cursuri-suspendate-joi-si-vineri-in-judetul-giurgiu\/","title":{"rendered":"Cursuri suspendate joi \u015fi vineri, \u00een jude\u0163ul Giurgiu!"},"content":{"rendered":"<p style=\"text-align: justify;\"><a href=\"https:\/\/www.giurgiuveanul.ro\/stiri\/wp-content\/uploads\/2018\/02\/scoli_inchise_20_ianuarie_2016_890x395_96685100_17109900.jpg\"><img loading=\"lazy\" decoding=\"async\" class=\"aligncenter size-large wp-image-50192\" src=\"https:\/\/www.giurgiuveanul.ro\/stiri\/wp-content\/uploads\/2018\/02\/scoli_inchise_20_ianuarie_2016_890x395_96685100_17109900-560x318.jpg\" alt=\"scoli_inchise_20_ianuarie_2016_890x395_96685100_17109900\" width=\"560\" height=\"318\" srcset=\"https:\/\/www.giurgiuveanul.ro\/stiri\/wp-content\/uploads\/2018\/02\/scoli_inchise_20_ianuarie_2016_890x395_96685100_17109900-560x318.jpg 560w, https:\/\/www.giurgiuveanul.ro\/stiri\/wp-content\/uploads\/2018\/02\/scoli_inchise_20_ianuarie_2016_890x395_96685100_17109900-250x142.jpg 250w, https:\/\/www.giurgiuveanul.ro\/stiri\/wp-content\/uploads\/2018\/02\/scoli_inchise_20_ianuarie_2016_890x395_96685100_17109900-400x227.jpg 400w, https:\/\/www.giurgiuveanul.ro\/stiri\/wp-content\/uploads\/2018\/02\/scoli_inchise_20_ianuarie_2016_890x395_96685100_17109900.jpg 620w\" sizes=\"auto, (max-width: 560px) 100vw, 560px\" \/><\/a>S-a <!--more-->luat decizia de suspendare a cursurilor in toate unitatile de invatamant de stat din judetul Giurgiu (exceptie gradinitele cu program prelungit)\u00a0 pentru zilele de 1 si 2 martie 2018, avand in vedere\u00a0 avertiz\u0103rile ANM de vreme sever\u0103, anun\u0163\u0103 Inspectoratul \u0218colar Judetean.<\/p>\n<p style=\"text-align: justify;\">Decizia a fost luata din cauza conditiilor meteorologice nefavorabileie, dupa consultarea factorilor de decizie de la nivelul judetului.<\/p>\n","protected":false},"excerpt":{"rendered":"<p>S-a<\/p>\n","protected":false},"author":1,"featured_media":0,"comment_status":"open","ping_status":"open","sticky":false,"template":"","format":"standard","meta":{"footnotes":""},"categories":[6],"tags":[],"class_list":["post-50191","post","type-post","status-publish","format-standard","hentry","category-breaking-news"],"_links":{"self":[{"href":"https:\/\/www.giurgiuveanul.ro\/stiri\/wp-json\/wp\/v2\/posts\/50191","targetHints":{"allow":["GET"]}}],"collection":[{"href":"https:\/\/www.giurgiuveanul.ro\/stiri\/wp-json\/wp\/v2\/posts"}],"about":[{"href":"https:\/\/www.giurgiuveanul.ro\/stiri\/wp-json\/wp\/v2\/types\/post"}],"author":[{"embeddable":true,"href":"https:\/\/www.giurgiuveanul.ro\/stiri\/wp-json\/wp\/v2\/users\/1"}],"replies":[{"embeddable":true,"href":"https:\/\/www.giurgiuveanul.ro\/stiri\/wp-json\/wp\/v2\/comments?post=50191"}],"version-history":[{"count":0,"href":"https:\/\/www.giurgiuveanul.ro\/stiri\/wp-json\/wp\/v2\/posts\/50191\/revisions"}],"wp:attachment":[{"href":"https:\/\/www.giurgiuveanul.ro\/stiri\/wp-json\/wp\/v2\/media?parent=50191"}],"wp:term":[{"taxonomy":"category","embeddable":true,"href":"https:\/\/www.giurgiuveanul.ro\/stiri\/wp-json\/wp\/v2\/categories?post=50191"},{"taxonomy":"post_tag","embeddable":true,"href":"https:\/\/www.giurgiuveanul.ro\/stiri\/wp-json\/wp\/v2\/tags?post=50191"}],"curies":[{"name":"wp","href":"https:\/\/api.w.org\/{rel}","templated":true}]}}