{"id":50195,"date":"2018-02-28T19:55:02","date_gmt":"2018-02-28T17:55:02","guid":{"rendered":"https:\/\/www.giurgiuveanul.ro\/stiri\/?p=50195"},"modified":"2018-02-28T20:04:26","modified_gmt":"2018-02-28T18:04:26","slug":"colac-peste-pupaza-cazut-cet-ul-cand-va-fi-repus-in-functiune","status":"publish","type":"post","link":"https:\/\/www.giurgiuveanul.ro\/stiri\/colac-peste-pupaza-cazut-cet-ul-cand-va-fi-repus-in-functiune\/","title":{"rendered":"Colac peste pup\u0103z\u0103&#8230; a c\u0103zut CET-ul! C\u00e2nd va fi repus \u00een func\u0163iune"},"content":{"rendered":"<p style=\"text-align: justify;\"><strong><a href=\"https:\/\/www.giurgiuveanul.ro\/stiri\/wp-content\/uploads\/2018\/02\/radet.jpg\"><img loading=\"lazy\" decoding=\"async\" class=\"aligncenter size-large wp-image-50196\" src=\"https:\/\/www.giurgiuveanul.ro\/stiri\/wp-content\/uploads\/2018\/02\/radet-560x413.jpg\" alt=\"radet\" width=\"560\" height=\"413\" srcset=\"https:\/\/www.giurgiuveanul.ro\/stiri\/wp-content\/uploads\/2018\/02\/radet-560x413.jpg 560w, https:\/\/www.giurgiuveanul.ro\/stiri\/wp-content\/uploads\/2018\/02\/radet-250x184.jpg 250w, https:\/\/www.giurgiuveanul.ro\/stiri\/wp-content\/uploads\/2018\/02\/radet-400x295.jpg 400w, https:\/\/www.giurgiuveanul.ro\/stiri\/wp-content\/uploads\/2018\/02\/radet.jpg 1654w\" sizes=\"auto, (max-width: 560px) 100vw, 560px\" \/><\/a>Mai mul\u0163i cititori ne-au sunat dispera\u0163i pe telefoanele redac\u0163iei \u015fi ne-au reclamat faptul c\u0103 alimentarea cu energie termic\u0103 a fost \u00eentrerupt\u0103.<\/strong><\/p>\n<p style=\"text-align: justify;\">Potrivit <!--more-->primarului municpiului Giurgiu, <strong>Nicolae Barbu<\/strong>, este vorba despre o defec\u0163iune care va fi remediat\u0103 c\u00e2t mai repede posibil.<\/p>\n<p style=\"text-align: justify;\"><em>\u201eDin cauza unei avarii produse pe conducta magistral\u0103, \u00eenc\u0103lzirea municipiului este afectata temporar, motiv pentru care rug\u0103m cet\u0103\u021benii sa \u00ee\u0219i ia m\u0103surile necesare pentru p\u0103strarea unei temperaturi optime \u00een locuin\u021be, timp de c\u00e2teva ore. Echipele GEP lucreaz\u0103 deja la remediere \u0219i vom reveni cu informa\u0163ii \u00een timp real\u201d<\/em>, a precizat edilul \u015fef al muncipiului Giurgiu.<\/p>\n","protected":false},"excerpt":{"rendered":"<p>Mai mul\u0163i cititori ne-au sunat dispera\u0163i pe telefoanele redac\u0163iei \u015fi ne-au reclamat faptul c\u0103 alimentarea cu energie termic\u0103 a fost \u00eentrerupt\u0103. Potrivit<\/p>\n","protected":false},"author":1,"featured_media":0,"comment_status":"open","ping_status":"open","sticky":false,"template":"","format":"standard","meta":{"footnotes":""},"categories":[6],"tags":[],"class_list":["post-50195","post","type-post","status-publish","format-standard","hentry","category-breaking-news"],"_links":{"self":[{"href":"https:\/\/www.giurgiuveanul.ro\/stiri\/wp-json\/wp\/v2\/posts\/50195","targetHints":{"allow":["GET"]}}],"collection":[{"href":"https:\/\/www.giurgiuveanul.ro\/stiri\/wp-json\/wp\/v2\/posts"}],"about":[{"href":"https:\/\/www.giurgiuveanul.ro\/stiri\/wp-json\/wp\/v2\/types\/post"}],"author":[{"embeddable":true,"href":"https:\/\/www.giurgiuveanul.ro\/stiri\/wp-json\/wp\/v2\/users\/1"}],"replies":[{"embeddable":true,"href":"https:\/\/www.giurgiuveanul.ro\/stiri\/wp-json\/wp\/v2\/comments?post=50195"}],"version-history":[{"count":0,"href":"https:\/\/www.giurgiuveanul.ro\/stiri\/wp-json\/wp\/v2\/posts\/50195\/revisions"}],"wp:attachment":[{"href":"https:\/\/www.giurgiuveanul.ro\/stiri\/wp-json\/wp\/v2\/media?parent=50195"}],"wp:term":[{"taxonomy":"category","embeddable":true,"href":"https:\/\/www.giurgiuveanul.ro\/stiri\/wp-json\/wp\/v2\/categories?post=50195"},{"taxonomy":"post_tag","embeddable":true,"href":"https:\/\/www.giurgiuveanul.ro\/stiri\/wp-json\/wp\/v2\/tags?post=50195"}],"curies":[{"name":"wp","href":"https:\/\/api.w.org\/{rel}","templated":true}]}}