{"id":50200,"date":"2018-03-01T09:37:14","date_gmt":"2018-03-01T07:37:14","guid":{"rendered":"https:\/\/www.giurgiuveanul.ro\/stiri\/?p=50200"},"modified":"2018-03-01T09:37:14","modified_gmt":"2018-03-01T07:37:14","slug":"informatii-de-ultima-ora-de-la-comitetul-judetean-pentru-situatii-de-urgenta-giurgiu","status":"publish","type":"post","link":"https:\/\/www.giurgiuveanul.ro\/stiri\/informatii-de-ultima-ora-de-la-comitetul-judetean-pentru-situatii-de-urgenta-giurgiu\/","title":{"rendered":"Informa\u0163ii de ultim\u0103 or\u0103 de la COMITETUL JUDE\u0162EAN PENTRU SITUA\u0162II DE URGEN\u0162\u0102 GIURGIU"},"content":{"rendered":"<p style=\"text-align: justify;\"><strong><a href=\"https:\/\/www.giurgiuveanul.ro\/stiri\/wp-content\/uploads\/2018\/03\/IMG_4315.jpg\"><img loading=\"lazy\" decoding=\"async\" class=\"aligncenter size-large wp-image-50201\" src=\"https:\/\/www.giurgiuveanul.ro\/stiri\/wp-content\/uploads\/2018\/03\/IMG_4315-560x414.jpg\" alt=\"IMG_4315\" width=\"560\" height=\"414\" srcset=\"https:\/\/www.giurgiuveanul.ro\/stiri\/wp-content\/uploads\/2018\/03\/IMG_4315-560x414.jpg 560w, https:\/\/www.giurgiuveanul.ro\/stiri\/wp-content\/uploads\/2018\/03\/IMG_4315-250x185.jpg 250w, https:\/\/www.giurgiuveanul.ro\/stiri\/wp-content\/uploads\/2018\/03\/IMG_4315-400x296.jpg 400w, https:\/\/www.giurgiuveanul.ro\/stiri\/wp-content\/uploads\/2018\/03\/IMG_4315.jpg 800w\" sizes=\"auto, (max-width: 560px) 100vw, 560px\" \/><\/a>Jude\u0163ul Giurgiu se afl\u0103 sub COD PORTOCALIU pentru<!--more--> temperaturi foarte sc\u0103zute, at\u00e2t noaptea c\u00e2t \u015fi ziua, p\u00e2n\u0103 la data de 2 martie 2018, ora 20.00.<\/strong><\/p>\n<p style=\"text-align: justify;\">Centrul Jude\u0163ean pentru Conducerea \u015fi coordonarea Interven\u0163iilor este activat din data de 25.02.2018, ora 22.00, la sediul ISU Giurgiu din str. Doroban\u0163i nr. 19.<\/p>\n<p style=\"text-align: justify;\">\u00cen jude\u0163ul Giurgiu <strong>toate drumurile sunt deschise circula\u0163iei<\/strong> \u015fi se circul\u0103 \u00een condi\u0163ii de iarn\u0103.<\/p>\n<p style=\"text-align: justify;\">\u00cen ceea ce prive\u015fte alimentarea cu energie electric\u0103, \u00een jude\u021bul Giurgiu, conform datelor transmise de E\u2013 Distribu\u0163ie Muntenia \u2013 Zon\u0103 Re\u0163ea MT-JT Giurgiu, pe liniile de tensiune medie nu sunt probleme, iar pe cele de tensiune mic\u0103 sunt 20 de apeluri pentru defec\u0163iuni individuale. Se lucreaz\u0103 cu toate echipele disponibile, pentru remedierea situa\u0163iei.<\/p>\n","protected":false},"excerpt":{"rendered":"<p>Jude\u0163ul Giurgiu se afl\u0103 sub COD PORTOCALIU pentru<\/p>\n","protected":false},"author":1,"featured_media":0,"comment_status":"open","ping_status":"open","sticky":false,"template":"","format":"standard","meta":{"footnotes":""},"categories":[6],"tags":[],"class_list":["post-50200","post","type-post","status-publish","format-standard","hentry","category-breaking-news"],"_links":{"self":[{"href":"https:\/\/www.giurgiuveanul.ro\/stiri\/wp-json\/wp\/v2\/posts\/50200","targetHints":{"allow":["GET"]}}],"collection":[{"href":"https:\/\/www.giurgiuveanul.ro\/stiri\/wp-json\/wp\/v2\/posts"}],"about":[{"href":"https:\/\/www.giurgiuveanul.ro\/stiri\/wp-json\/wp\/v2\/types\/post"}],"author":[{"embeddable":true,"href":"https:\/\/www.giurgiuveanul.ro\/stiri\/wp-json\/wp\/v2\/users\/1"}],"replies":[{"embeddable":true,"href":"https:\/\/www.giurgiuveanul.ro\/stiri\/wp-json\/wp\/v2\/comments?post=50200"}],"version-history":[{"count":0,"href":"https:\/\/www.giurgiuveanul.ro\/stiri\/wp-json\/wp\/v2\/posts\/50200\/revisions"}],"wp:attachment":[{"href":"https:\/\/www.giurgiuveanul.ro\/stiri\/wp-json\/wp\/v2\/media?parent=50200"}],"wp:term":[{"taxonomy":"category","embeddable":true,"href":"https:\/\/www.giurgiuveanul.ro\/stiri\/wp-json\/wp\/v2\/categories?post=50200"},{"taxonomy":"post_tag","embeddable":true,"href":"https:\/\/www.giurgiuveanul.ro\/stiri\/wp-json\/wp\/v2\/tags?post=50200"}],"curies":[{"name":"wp","href":"https:\/\/api.w.org\/{rel}","templated":true}]}}