{"id":50203,"date":"2018-03-01T10:07:30","date_gmt":"2018-03-01T08:07:30","guid":{"rendered":"https:\/\/www.giurgiuveanul.ro\/stiri\/?p=50203"},"modified":"2018-03-01T10:08:18","modified_gmt":"2018-03-01T08:08:18","slug":"vama-giurgiu-fost-luata-cu-asalt-de-tir-uri-dupa-restrictiile-de-circulatie","status":"publish","type":"post","link":"https:\/\/www.giurgiuveanul.ro\/stiri\/vama-giurgiu-fost-luata-cu-asalt-de-tir-uri-dupa-restrictiile-de-circulatie\/","title":{"rendered":"Vama Giurgiu a fost luat\u0103 cu asalt de TIR-uri&#8230; dup\u0103 restric\u021biile de circula\u021bie"},"content":{"rendered":"<p style=\"margin: 0cm 0cm 0.0001pt; text-align: justify;\">\u00a0<a href=\"https:\/\/www.giurgiuveanul.ro\/stiri\/wp-content\/uploads\/2018\/03\/IMG_4330.jpg\"><img loading=\"lazy\" decoding=\"async\" class=\"aligncenter size-large wp-image-50204\" src=\"https:\/\/www.giurgiuveanul.ro\/stiri\/wp-content\/uploads\/2018\/03\/IMG_4330-552x450.jpg\" alt=\"IMG_4330\" width=\"552\" height=\"450\" srcset=\"https:\/\/www.giurgiuveanul.ro\/stiri\/wp-content\/uploads\/2018\/03\/IMG_4330-552x450.jpg 552w, https:\/\/www.giurgiuveanul.ro\/stiri\/wp-content\/uploads\/2018\/03\/IMG_4330-250x204.jpg 250w, https:\/\/www.giurgiuveanul.ro\/stiri\/wp-content\/uploads\/2018\/03\/IMG_4330-400x326.jpg 400w, https:\/\/www.giurgiuveanul.ro\/stiri\/wp-content\/uploads\/2018\/03\/IMG_4330.jpg 800w\" sizes=\"auto, (max-width: 552px) 100vw, 552px\" \/><\/a>Cozi imense de TIR-uri <!--more-->s-au format pe DN 5 Giurgiu-Bucure\u0219ti, dup\u0103 ce ieri dup\u0103-amiaz\u0103 s-a redeschis traficul greu prin Punctul de Frontier\u0103 Giurgiu. Asear\u0103, coloana se \u00eentindea pe 20 de kilometri, iar \u00een aceast\u0103 diminea\u021b\u0103, aceasta era de 8 kilometri, asta dup\u0103 ce poli\u021bi\u0219tii de frontier\u0103 \u0219i-au suplimentat for\u021bele \u0219i au lucrat la foc continuu.<\/p>\n<p style=\"text-align: justify;\">Potrivit purt\u0103torului de cuv\u00e2nt al Inspectoratului Teritorial al Poli\u021biei de Frontier\u0103 Giurgiu, <strong>D\u0103nu\u021b Cazacu<\/strong>, din momentul redeschiderii circula\u021biei \u0219i p\u00e2n\u0103 \u00een aceast\u0103 diminea\u021b\u0103, la ora\u00a0 8, au fost efectuate formalit\u0103\u021bi de frontier\u0103 pentru 500 de camioane pe sensul de ie\u0219ire din \u021bar\u0103 \u0219i pentru 470 de camioane pe sensul de intrare \u00een \u021bar\u0103.<\/p>\n<p style=\"text-align: justify;\">Pentru TIR-uri, sunt deschise patru artere de circula\u021bie pe sensul de ie\u0219ire \u0219i trei artere pe sensul de intrare iar personalul din Punctul de Frontier\u0103 Giurgiu a fost suplimentat, fiind adu\u0219i oameni afla\u021bi in turele libere.<\/p>\n","protected":false},"excerpt":{"rendered":"<p>\u00a0Cozi imense de TIR-uri<\/p>\n","protected":false},"author":1,"featured_media":0,"comment_status":"open","ping_status":"open","sticky":false,"template":"","format":"standard","meta":{"footnotes":""},"categories":[6],"tags":[],"class_list":["post-50203","post","type-post","status-publish","format-standard","hentry","category-breaking-news"],"_links":{"self":[{"href":"https:\/\/www.giurgiuveanul.ro\/stiri\/wp-json\/wp\/v2\/posts\/50203","targetHints":{"allow":["GET"]}}],"collection":[{"href":"https:\/\/www.giurgiuveanul.ro\/stiri\/wp-json\/wp\/v2\/posts"}],"about":[{"href":"https:\/\/www.giurgiuveanul.ro\/stiri\/wp-json\/wp\/v2\/types\/post"}],"author":[{"embeddable":true,"href":"https:\/\/www.giurgiuveanul.ro\/stiri\/wp-json\/wp\/v2\/users\/1"}],"replies":[{"embeddable":true,"href":"https:\/\/www.giurgiuveanul.ro\/stiri\/wp-json\/wp\/v2\/comments?post=50203"}],"version-history":[{"count":0,"href":"https:\/\/www.giurgiuveanul.ro\/stiri\/wp-json\/wp\/v2\/posts\/50203\/revisions"}],"wp:attachment":[{"href":"https:\/\/www.giurgiuveanul.ro\/stiri\/wp-json\/wp\/v2\/media?parent=50203"}],"wp:term":[{"taxonomy":"category","embeddable":true,"href":"https:\/\/www.giurgiuveanul.ro\/stiri\/wp-json\/wp\/v2\/categories?post=50203"},{"taxonomy":"post_tag","embeddable":true,"href":"https:\/\/www.giurgiuveanul.ro\/stiri\/wp-json\/wp\/v2\/tags?post=50203"}],"curies":[{"name":"wp","href":"https:\/\/api.w.org\/{rel}","templated":true}]}}