{"id":50207,"date":"2018-03-01T10:23:48","date_gmt":"2018-03-01T08:23:48","guid":{"rendered":"https:\/\/www.giurgiuveanul.ro\/stiri\/?p=50207"},"modified":"2018-03-01T10:24:30","modified_gmt":"2018-03-01T08:24:30","slug":"martisor-pentru-iubita-din-giurgiu","status":"publish","type":"post","link":"https:\/\/www.giurgiuveanul.ro\/stiri\/martisor-pentru-iubita-din-giurgiu\/","title":{"rendered":"M\u0103r\u0163i\u015for pentru iubita din Giurgiu"},"content":{"rendered":"<p style=\"text-align: center;\"><a href=\"https:\/\/www.giurgiuveanul.ro\/stiri\/wp-content\/uploads\/2018\/02\/Dr-Cosmin-Georgescu.jpg\"><img loading=\"lazy\" decoding=\"async\" class=\"aligncenter size-large wp-image-49883\" src=\"https:\/\/www.giurgiuveanul.ro\/stiri\/wp-content\/uploads\/2018\/02\/Dr-Cosmin-Georgescu-470x450.jpg\" alt=\"Dr Cosmin Georgescu\" width=\"470\" height=\"450\" srcset=\"https:\/\/www.giurgiuveanul.ro\/stiri\/wp-content\/uploads\/2018\/02\/Dr-Cosmin-Georgescu-470x450.jpg 470w, https:\/\/www.giurgiuveanul.ro\/stiri\/wp-content\/uploads\/2018\/02\/Dr-Cosmin-Georgescu-250x239.jpg 250w, https:\/\/www.giurgiuveanul.ro\/stiri\/wp-content\/uploads\/2018\/02\/Dr-Cosmin-Georgescu-400x383.jpg 400w, https:\/\/www.giurgiuveanul.ro\/stiri\/wp-content\/uploads\/2018\/02\/Dr-Cosmin-Georgescu.jpg 800w\" sizes=\"auto, (max-width: 470px) 100vw, 470px\" \/><\/a>Eu M\u0103r\u0163i\u015forul \u0163i l-a\u015f pune \u00een pieptu-\u0163i<br \/>\nDar <!--more-->nu am voie sanu-ti sa-ti ating<br \/>\nMa simt acum mai trist decat recrutii<br \/>\nCe dupa cina lampile le sting.<\/p>\n<p style=\"text-align: center;\">\n<p style=\"text-align: center;\">Eu te cuprind in brate fara vlaga<br \/>\nMa strang pe mine in van ca un nerod<br \/>\nDe n-as fi trist , as fi tot pus pe saga<br \/>\nAm stele-n par si ma afund in glod.<\/p>\n<p style=\"text-align: center;\">\n<p style=\"text-align: center;\">Mi-e dor de tine ca de o femeie<br \/>\nDesi tot fata-n vis eu te visez,<br \/>\nDin ce-am trait imi mai trimiti crampeie<br \/>\nEu Martisorul gol ca al tau miez.<\/p>\n<p style=\"text-align: center;\">\n<p style=\"text-align: center;\">Tu poarta-l singura dar si in lume<br \/>\nSpune la toti ca-l ai din anii dusi ,<br \/>\nCe mai conteaza ganduri sa se adune<br \/>\nCand noi suntem demult de tot rapusi.<\/p>\n<p style=\"text-align: center;\">\n<p style=\"text-align: center;\"><em>Cosmin-\u015etefan Georgescu<\/em><\/p>\n","protected":false},"excerpt":{"rendered":"<p>Eu M\u0103r\u0163i\u015forul \u0163i l-a\u015f pune \u00een pieptu-\u0163i Dar<\/p>\n","protected":false},"author":1,"featured_media":0,"comment_status":"open","ping_status":"open","sticky":false,"template":"","format":"standard","meta":{"footnotes":""},"categories":[21],"tags":[],"class_list":["post-50207","post","type-post","status-publish","format-standard","hentry","category-opinia-mea"],"_links":{"self":[{"href":"https:\/\/www.giurgiuveanul.ro\/stiri\/wp-json\/wp\/v2\/posts\/50207","targetHints":{"allow":["GET"]}}],"collection":[{"href":"https:\/\/www.giurgiuveanul.ro\/stiri\/wp-json\/wp\/v2\/posts"}],"about":[{"href":"https:\/\/www.giurgiuveanul.ro\/stiri\/wp-json\/wp\/v2\/types\/post"}],"author":[{"embeddable":true,"href":"https:\/\/www.giurgiuveanul.ro\/stiri\/wp-json\/wp\/v2\/users\/1"}],"replies":[{"embeddable":true,"href":"https:\/\/www.giurgiuveanul.ro\/stiri\/wp-json\/wp\/v2\/comments?post=50207"}],"version-history":[{"count":0,"href":"https:\/\/www.giurgiuveanul.ro\/stiri\/wp-json\/wp\/v2\/posts\/50207\/revisions"}],"wp:attachment":[{"href":"https:\/\/www.giurgiuveanul.ro\/stiri\/wp-json\/wp\/v2\/media?parent=50207"}],"wp:term":[{"taxonomy":"category","embeddable":true,"href":"https:\/\/www.giurgiuveanul.ro\/stiri\/wp-json\/wp\/v2\/categories?post=50207"},{"taxonomy":"post_tag","embeddable":true,"href":"https:\/\/www.giurgiuveanul.ro\/stiri\/wp-json\/wp\/v2\/tags?post=50207"}],"curies":[{"name":"wp","href":"https:\/\/api.w.org\/{rel}","templated":true}]}}