{"id":50243,"date":"2018-03-01T16:58:36","date_gmt":"2018-03-01T14:58:36","guid":{"rendered":"https:\/\/www.giurgiuveanul.ro\/stiri\/?p=50243"},"modified":"2018-03-01T16:58:36","modified_gmt":"2018-03-01T14:58:36","slug":"declaratie-presedintele-consiliului-judetean-giurgiu-marian-mina-despre-modul-in-care-s-a-actionat-in-perioada-de-cod-portocaliu","status":"publish","type":"post","link":"https:\/\/www.giurgiuveanul.ro\/stiri\/declaratie-presedintele-consiliului-judetean-giurgiu-marian-mina-despre-modul-in-care-s-a-actionat-in-perioada-de-cod-portocaliu\/","title":{"rendered":"DECLARA\u0162IE. Pre\u015fedintele Consiliului Jude\u0163ean Giurgiu, Marian Mina, despre modul \u00een care s-a ac\u0163ionat \u00een perioada de COD PORTOCALIU!"},"content":{"rendered":"<p style=\"text-align: justify; text-justify: inter-ideograph;\"><a href=\"https:\/\/www.giurgiuveanul.ro\/stiri\/wp-content\/uploads\/2018\/03\/28661027_1616424195108217_811937717792122975_n.jpg\"><img loading=\"lazy\" decoding=\"async\" class=\"aligncenter size-large wp-image-50244\" src=\"https:\/\/www.giurgiuveanul.ro\/stiri\/wp-content\/uploads\/2018\/03\/28661027_1616424195108217_811937717792122975_n-440x450.jpg\" alt=\"28661027_1616424195108217_811937717792122975_n\" width=\"440\" height=\"450\" srcset=\"https:\/\/www.giurgiuveanul.ro\/stiri\/wp-content\/uploads\/2018\/03\/28661027_1616424195108217_811937717792122975_n-440x450.jpg 440w, https:\/\/www.giurgiuveanul.ro\/stiri\/wp-content\/uploads\/2018\/03\/28661027_1616424195108217_811937717792122975_n-250x255.jpg 250w, https:\/\/www.giurgiuveanul.ro\/stiri\/wp-content\/uploads\/2018\/03\/28661027_1616424195108217_811937717792122975_n-400x409.jpg 400w, https:\/\/www.giurgiuveanul.ro\/stiri\/wp-content\/uploads\/2018\/03\/28661027_1616424195108217_811937717792122975_n.jpg 783w\" sizes=\"auto, (max-width: 440px) 100vw, 440px\" \/><\/a>Dup\u0103 participarea la <!--more-->conferin\u0163\u0103 de pres\u0103, sus\u0163inut\u0103 la sediul Prefecturii Giurgiu, unde a fost prezentat un bilan\u0163 al activit\u0103\u0163ii tuturor institu\u0163iilor care au intervenit \u00een care Giurgiu \u00een perioada \u00een care jude\u021bul nostru s-a aflat sub Cod Portocaliu de viscol, respectiv temperaturi sc\u0103zute, pre\u015fedintele Consiliului Jude\u0163ean Giurgiu, <strong>Marian Mina,<\/strong> a f\u0103cut urm\u0103toarea declara\u0163ie:<\/p>\n<p style=\"text-align: justify; text-justify: inter-ideograph;\"><em>\u201cM\u0103rturisesc c\u0103 rezultatele ob\u0163inute s-au datorat comunic\u0103rii exemplare \u00eentre noi, \u00een special prin intermediul grupului creat pe WhatsApp unde au fost transmise informa\u0163ii \u015fi imagini de actualitate. Probabil a\u0163i v\u0103zut \u015fi dumneavoastr\u0103, am avut, \u00een unele comune, z\u0103pad\u0103 \u015fi de 2-3 metri. S-a intervenit, \u00eens\u0103, la timp \u015fi doresc s\u0103 le mul\u0163umesc tuturor, inclusiv \u015fefului ISU Giurgiu, colonelului Emil Apostol, al\u0103turi de care am f\u0103cut eforturi considerabile \u00een mai multe cazuri. Cel mai grav a fost acela pentru salvarea unor persoane din Cr\u00e2nguri. S\u0103 nu uit\u0103m de primarii giurgiuveni pe care \u00eei felicit pentru cum au colaborat at\u00e2t cu noi, c\u00e2t \u015fi \u00eentre ei, \u015fi, de asemenea, doresc s\u0103 transmit mul\u0163umiri deosebite \u015fefului DRDP Bucure\u015fti, domnului Dinu, care ne-a ajutat acolo unde noi nu am reu\u015fit s\u0103 facem fa\u0163\u0103. Din datele pe care le am, suntem primul jude\u0163 cu Cod Portocaliu de viscol care are, la aceast\u0103 or\u0103, toate drumurile deschise. Foarte important este c\u0103 nu am avut victime, iar persoanele care au r\u0103mas cu ma\u015finile \u00eenz\u0103pezite nu au stat acolo mai mult de jum\u0103tate de or\u0103. Colegii de la Direc\u0163ia Jude\u0163ean\u0103 de Transport au ac\u0163ionat admirabil, nu au avut zi \u015fi nici noapte. \u00cei felicit pe to\u0163i! Nu cred c\u0103 se poate spune c\u0103 nu am fost preg\u0103ti\u0163i, pentru c\u0103 altfel nu am fi putut reda circula\u0163iei drumurile jude\u0163ene\u201d<\/em>, a conchis Marian Mina.<\/p>\n","protected":false},"excerpt":{"rendered":"<p>Dup\u0103 participarea la<\/p>\n","protected":false},"author":1,"featured_media":0,"comment_status":"open","ping_status":"open","sticky":false,"template":"","format":"standard","meta":{"footnotes":""},"categories":[6],"tags":[],"class_list":["post-50243","post","type-post","status-publish","format-standard","hentry","category-breaking-news"],"_links":{"self":[{"href":"https:\/\/www.giurgiuveanul.ro\/stiri\/wp-json\/wp\/v2\/posts\/50243","targetHints":{"allow":["GET"]}}],"collection":[{"href":"https:\/\/www.giurgiuveanul.ro\/stiri\/wp-json\/wp\/v2\/posts"}],"about":[{"href":"https:\/\/www.giurgiuveanul.ro\/stiri\/wp-json\/wp\/v2\/types\/post"}],"author":[{"embeddable":true,"href":"https:\/\/www.giurgiuveanul.ro\/stiri\/wp-json\/wp\/v2\/users\/1"}],"replies":[{"embeddable":true,"href":"https:\/\/www.giurgiuveanul.ro\/stiri\/wp-json\/wp\/v2\/comments?post=50243"}],"version-history":[{"count":0,"href":"https:\/\/www.giurgiuveanul.ro\/stiri\/wp-json\/wp\/v2\/posts\/50243\/revisions"}],"wp:attachment":[{"href":"https:\/\/www.giurgiuveanul.ro\/stiri\/wp-json\/wp\/v2\/media?parent=50243"}],"wp:term":[{"taxonomy":"category","embeddable":true,"href":"https:\/\/www.giurgiuveanul.ro\/stiri\/wp-json\/wp\/v2\/categories?post=50243"},{"taxonomy":"post_tag","embeddable":true,"href":"https:\/\/www.giurgiuveanul.ro\/stiri\/wp-json\/wp\/v2\/tags?post=50243"}],"curies":[{"name":"wp","href":"https:\/\/api.w.org\/{rel}","templated":true}]}}