{"id":50257,"date":"2018-03-02T11:33:23","date_gmt":"2018-03-02T09:33:23","guid":{"rendered":"https:\/\/www.giurgiuveanul.ro\/stiri\/?p=50257"},"modified":"2018-03-02T11:33:23","modified_gmt":"2018-03-02T09:33:23","slug":"tanar-giurgiuvean-depistat-conducand-autoturism-neinmatriculat-si-cu-numar-fals-pe-drumurile-publice","status":"publish","type":"post","link":"https:\/\/www.giurgiuveanul.ro\/stiri\/tanar-giurgiuvean-depistat-conducand-autoturism-neinmatriculat-si-cu-numar-fals-pe-drumurile-publice\/","title":{"rendered":"T\u00e2n\u0103r giurgiuvean, depistat conduc\u00e2nd un autoturism ne\u00eenmatriculat \u0219i cu num\u0103r fals pe drumurile publice"},"content":{"rendered":"<p style=\"text-align: justify;\"><a href=\"https:\/\/www.giurgiuveanul.ro\/stiri\/wp-content\/uploads\/2018\/03\/IMG_3139.jpg\"><img loading=\"lazy\" decoding=\"async\" class=\"aligncenter size-large wp-image-50258\" src=\"https:\/\/www.giurgiuveanul.ro\/stiri\/wp-content\/uploads\/2018\/03\/IMG_3139-547x450.jpg\" alt=\"IMG_3139\" width=\"547\" height=\"450\" srcset=\"https:\/\/www.giurgiuveanul.ro\/stiri\/wp-content\/uploads\/2018\/03\/IMG_3139-547x450.jpg 547w, https:\/\/www.giurgiuveanul.ro\/stiri\/wp-content\/uploads\/2018\/03\/IMG_3139-250x206.jpg 250w, https:\/\/www.giurgiuveanul.ro\/stiri\/wp-content\/uploads\/2018\/03\/IMG_3139-400x329.jpg 400w, https:\/\/www.giurgiuveanul.ro\/stiri\/wp-content\/uploads\/2018\/03\/IMG_3139.jpg 800w\" sizes=\"auto, (max-width: 547px) 100vw, 547px\" \/><\/a>Un t\u00e2n\u0103r de 23 ani, <!--more-->din ora\u0219ul Bolintin Vale, este cercetat de poli\u021bi\u0219ti dup\u0103 ce a fost depistat conduc\u00e2nd pe Drumul Jude\u021bean 601, un autoturism ne\u00eenmatriculat.<\/p>\n<p style=\"text-align: justify;\">Recent., poli\u021bi\u0219tii din cadrul Poli\u021biei ora\u0219 Bolintin Vale au depistat \u00een jurul orei 11.20, un t\u00e2n\u0103r de 23 ani,\u00a0 \u00een timp ce conducea pe Drumul Jude\u021bean 601, pe raza ora\u0219ului Bolintin Vale, un autoturism cu num\u0103r provizoriu de \u00eenmatriculare.<\/p>\n<p style=\"text-align: justify;\">\u00cen urma verific\u0103rilor s-a stabilit c\u0103 autoturismul este ne\u00eenmatriculat \u00een circula\u021bie, iar pl\u0103cu\u021bele\u00a0 aplicate, erau atribuite unui alt autoturism.<\/p>\n<p style=\"text-align: justify;\">\u00cen cauz\u0103 a fost \u00eentocmit un dosar penal \u00een care poli\u021bi\u0219tii efectueaz\u0103 cercet\u0103ri sub aspectul s\u0103v\u00e2r\u0219irii infrac\u021biunii de \u201econducerea unui vehicul ne\u00eenmatriculat\u201d \u0219i \u201econducerea unui autovehicul cu num\u0103r fals de \u00eenmatriculare\u201d.<\/p>\n","protected":false},"excerpt":{"rendered":"<p>Un t\u00e2n\u0103r de 23 ani,<\/p>\n","protected":false},"author":1,"featured_media":0,"comment_status":"open","ping_status":"open","sticky":false,"template":"","format":"standard","meta":{"footnotes":""},"categories":[6],"tags":[],"class_list":["post-50257","post","type-post","status-publish","format-standard","hentry","category-breaking-news"],"_links":{"self":[{"href":"https:\/\/www.giurgiuveanul.ro\/stiri\/wp-json\/wp\/v2\/posts\/50257","targetHints":{"allow":["GET"]}}],"collection":[{"href":"https:\/\/www.giurgiuveanul.ro\/stiri\/wp-json\/wp\/v2\/posts"}],"about":[{"href":"https:\/\/www.giurgiuveanul.ro\/stiri\/wp-json\/wp\/v2\/types\/post"}],"author":[{"embeddable":true,"href":"https:\/\/www.giurgiuveanul.ro\/stiri\/wp-json\/wp\/v2\/users\/1"}],"replies":[{"embeddable":true,"href":"https:\/\/www.giurgiuveanul.ro\/stiri\/wp-json\/wp\/v2\/comments?post=50257"}],"version-history":[{"count":0,"href":"https:\/\/www.giurgiuveanul.ro\/stiri\/wp-json\/wp\/v2\/posts\/50257\/revisions"}],"wp:attachment":[{"href":"https:\/\/www.giurgiuveanul.ro\/stiri\/wp-json\/wp\/v2\/media?parent=50257"}],"wp:term":[{"taxonomy":"category","embeddable":true,"href":"https:\/\/www.giurgiuveanul.ro\/stiri\/wp-json\/wp\/v2\/categories?post=50257"},{"taxonomy":"post_tag","embeddable":true,"href":"https:\/\/www.giurgiuveanul.ro\/stiri\/wp-json\/wp\/v2\/tags?post=50257"}],"curies":[{"name":"wp","href":"https:\/\/api.w.org\/{rel}","templated":true}]}}