{"id":50279,"date":"2018-03-03T09:31:48","date_gmt":"2018-03-03T07:31:48","guid":{"rendered":"https:\/\/www.giurgiuveanul.ro\/stiri\/?p=50279"},"modified":"2018-03-03T09:31:48","modified_gmt":"2018-03-03T07:31:48","slug":"cat-va-tine-ciclonul-cu-aer-polar-care-lovit-romania","status":"publish","type":"post","link":"https:\/\/www.giurgiuveanul.ro\/stiri\/cat-va-tine-ciclonul-cu-aer-polar-care-lovit-romania\/","title":{"rendered":"C\u00e2t va \u0163ine ciclonul cu aer polar care a lovit Rom\u00e2nia"},"content":{"rendered":"<p style=\"text-align: justify;\"><strong><a href=\"https:\/\/www.giurgiuveanul.ro\/stiri\/wp-content\/uploads\/2018\/03\/IMG_3004.jpg\"><img loading=\"lazy\" decoding=\"async\" class=\"aligncenter size-large wp-image-50280\" src=\"https:\/\/www.giurgiuveanul.ro\/stiri\/wp-content\/uploads\/2018\/03\/IMG_3004-560x403.jpg\" alt=\"IMG_3004\" width=\"560\" height=\"403\" srcset=\"https:\/\/www.giurgiuveanul.ro\/stiri\/wp-content\/uploads\/2018\/03\/IMG_3004-560x403.jpg 560w, https:\/\/www.giurgiuveanul.ro\/stiri\/wp-content\/uploads\/2018\/03\/IMG_3004-250x180.jpg 250w, https:\/\/www.giurgiuveanul.ro\/stiri\/wp-content\/uploads\/2018\/03\/IMG_3004-400x288.jpg 400w, https:\/\/www.giurgiuveanul.ro\/stiri\/wp-content\/uploads\/2018\/03\/IMG_3004.jpg 800w\" sizes=\"auto, (max-width: 560px) 100vw, 560px\" \/><\/a>Directorul executiv al <!--more-->Administra\u021biei Na\u021bionale de Meteorologie (ANM), Florinela Georgescu, a explicat recent, la B1 TV de ce Rom\u00e2nia a fost lovit\u0103 de ger \u0219i ninsori abundente la finalul lunii februarie, c\u00e2nd aproape nimeni nu se mai a\u0219tepta s\u0103 vin\u0103 iarna.<\/strong><\/p>\n<p style=\"text-align: justify;\"><em>\u201dEu am \u00eenceput toate explica\u021biile pe care le-am dat \u00een aceste zile cu remarca c\u0103 probabil doar meteorologii mai credeau c\u0103 mai vine iarna au adev\u0103rat. \u0218i s\u0103 \u0219ti\u021bi c\u0103 chiar am crezut c\u0103 iarna aceasta nu va trece f\u0103r\u0103 m\u0103car un episod cu adev\u0103rat de vreme sever\u0103 pe partea de sud a \u021b\u0103rii \u0219i cu un episod de ger mai sim\u021bitor. Ceea ce se \u00eent\u00e2mpl\u0103 acum la noi \u00een \u021bar\u0103 trebuie privit \u0219i explicat \u00eentr-un context mai larg care cuprinde toat\u0103 emisfera nordic\u0103. Manifestarea de vreme de la noi este un efect a ceea ce se \u00eent\u00e2mpl\u0103 deasupra calotei arctice. Vorbim despre o \u00eenc\u0103lzire foarte puternic\u0103 undeva foarte sus, pe la 30 de kilometri altitudine, \u00een stratosfer\u0103, care are ca \u0219i consecin\u021b\u0103 perturbarea circula\u021biei fire\u0219ti a acelui jet polar de care tot se vorbe\u0219te \u00een ultimele ierni. De regul\u0103, acest curent de v\u00e2nturi foarte puternice reu\u0219e\u0219te s\u0103 \u021bin\u0103 aerul foarte rece \u00een zona polar\u0103. F\u0103r\u0103 s\u0103 existe o explica\u021bie foarte clar\u0103, se cunoa\u0219te deja consecin\u021ba. Iar consecin\u021ba este c\u0103 \u00een loc s\u0103 avem v\u00e2nturile puternice dinspre vest spre est, care \u021bin aerul rece la Pol, v\u00e2nturile \u00eencep s\u0103 se roteasc\u0103 \u0219i s\u0103 aib\u0103 o component\u0103 estic\u0103, deci s\u0103 vin\u0103 spre Europa dinspre Siberia, exact acolo unde \u00een aceast\u0103 perioad\u0103 a anului sunt masele de aer cele mai reci. Iar acest aer foarte rece a invadat toat\u0103 Europa. E un eveniment \u00een desf\u0103\u0219urare, anticipat a \u021bine p\u00e2n\u0103 spre sf\u00e2r\u0219itul primei decade a lunii martie. \u0218i va mai fi o consecin\u021b\u0103, aceea c\u0103 \u00een sudul Europei se a\u0219teapt\u0103 precipita\u021bii mai abundente. Noi suntem undeva la limita acestor precipita\u021bii abundente \u0219i avem aceste ninsori. Suntem, practic, \u00een zona unde se lupt\u0103 aerul foarte rece \u0219i zona care are mai multe precipita\u021bii dinspre Mediterana. Este un fenomen mai rar care se \u00eent\u00e2mpl\u0103 la nivel continental\u201d<\/em>, a explicat Florinela Georgescu.<\/p>\n<p style=\"text-align: justify;\">\n<p style=\"text-align: justify;\">Surs\u0103: jurnalul.ro<\/p>\n","protected":false},"excerpt":{"rendered":"<p>Directorul executiv al<\/p>\n","protected":false},"author":1,"featured_media":0,"comment_status":"open","ping_status":"open","sticky":false,"template":"","format":"standard","meta":{"footnotes":""},"categories":[6],"tags":[],"class_list":["post-50279","post","type-post","status-publish","format-standard","hentry","category-breaking-news"],"_links":{"self":[{"href":"https:\/\/www.giurgiuveanul.ro\/stiri\/wp-json\/wp\/v2\/posts\/50279","targetHints":{"allow":["GET"]}}],"collection":[{"href":"https:\/\/www.giurgiuveanul.ro\/stiri\/wp-json\/wp\/v2\/posts"}],"about":[{"href":"https:\/\/www.giurgiuveanul.ro\/stiri\/wp-json\/wp\/v2\/types\/post"}],"author":[{"embeddable":true,"href":"https:\/\/www.giurgiuveanul.ro\/stiri\/wp-json\/wp\/v2\/users\/1"}],"replies":[{"embeddable":true,"href":"https:\/\/www.giurgiuveanul.ro\/stiri\/wp-json\/wp\/v2\/comments?post=50279"}],"version-history":[{"count":0,"href":"https:\/\/www.giurgiuveanul.ro\/stiri\/wp-json\/wp\/v2\/posts\/50279\/revisions"}],"wp:attachment":[{"href":"https:\/\/www.giurgiuveanul.ro\/stiri\/wp-json\/wp\/v2\/media?parent=50279"}],"wp:term":[{"taxonomy":"category","embeddable":true,"href":"https:\/\/www.giurgiuveanul.ro\/stiri\/wp-json\/wp\/v2\/categories?post=50279"},{"taxonomy":"post_tag","embeddable":true,"href":"https:\/\/www.giurgiuveanul.ro\/stiri\/wp-json\/wp\/v2\/tags?post=50279"}],"curies":[{"name":"wp","href":"https:\/\/api.w.org\/{rel}","templated":true}]}}