{"id":50300,"date":"2018-03-03T18:56:44","date_gmt":"2018-03-03T16:56:44","guid":{"rendered":"https:\/\/www.giurgiuveanul.ro\/stiri\/?p=50300"},"modified":"2018-03-03T18:56:44","modified_gmt":"2018-03-03T16:56:44","slug":"moarte-suspecta-in-cartierul-tineretului-2","status":"publish","type":"post","link":"https:\/\/www.giurgiuveanul.ro\/stiri\/moarte-suspecta-in-cartierul-tineretului-2\/","title":{"rendered":"Moarte suspect\u0103&#8230; \u00een cartierul Tineretului!"},"content":{"rendered":"<p style=\"text-align: justify;\"><a href=\"https:\/\/www.giurgiuveanul.ro\/stiri\/wp-content\/uploads\/2018\/03\/crima.jpg\"><img loading=\"lazy\" decoding=\"async\" class=\"aligncenter size-large wp-image-50301\" src=\"https:\/\/www.giurgiuveanul.ro\/stiri\/wp-content\/uploads\/2018\/03\/crima-560x395.jpg\" alt=\"crima\" width=\"560\" height=\"395\" srcset=\"https:\/\/www.giurgiuveanul.ro\/stiri\/wp-content\/uploads\/2018\/03\/crima-560x395.jpg 560w, https:\/\/www.giurgiuveanul.ro\/stiri\/wp-content\/uploads\/2018\/03\/crima-250x176.jpg 250w, https:\/\/www.giurgiuveanul.ro\/stiri\/wp-content\/uploads\/2018\/03\/crima-400x282.jpg 400w, https:\/\/www.giurgiuveanul.ro\/stiri\/wp-content\/uploads\/2018\/03\/crima.jpg 640w\" sizes=\"auto, (max-width: 560px) 100vw, 560px\" \/><\/a>Un<!--more--> b\u0103rbat de 33 de ani, din cartierul Tinerului a fost g\u0103sit mort, ast\u0103zi \u00een locuin\u021ba \u00een care acest locuia singur.<\/p>\n<p style=\"text-align: justify;\">Fratele acestuia a alertat autorit\u0103\u021bile pentru c\u0103 t\u00e2n\u0103rul nu mai r\u0103spundea la sonerie iar u\u0219a era \u00eenchis\u0103 pe din\u0103untru.<\/p>\n<p style=\"text-align: justify;\">Un echipaj de la pompieri a intervenit pentru deblocarea u\u0219ii, \u00een interior fiind g\u0103sit trupul ne\u00eensufle\u021bit al b\u0103rbatului. Se pare c\u0103 acesta avea era cunoscut cu afec\u021biuni psihice.<\/p>\n<p style=\"text-align: justify;\">Pe trupul ne\u00eensufle\u021bit al giurgiuveanului nu au fost descoperite urme vizibile de violen\u021b\u0103, spun poli\u021bi\u0219tii, care au deschis \u00een acest caz un dosar pentru moarte suspect\u0103.<\/p>\n","protected":false},"excerpt":{"rendered":"<p>Un<\/p>\n","protected":false},"author":1,"featured_media":0,"comment_status":"open","ping_status":"open","sticky":false,"template":"","format":"standard","meta":{"footnotes":""},"categories":[6],"tags":[],"class_list":["post-50300","post","type-post","status-publish","format-standard","hentry","category-breaking-news"],"_links":{"self":[{"href":"https:\/\/www.giurgiuveanul.ro\/stiri\/wp-json\/wp\/v2\/posts\/50300","targetHints":{"allow":["GET"]}}],"collection":[{"href":"https:\/\/www.giurgiuveanul.ro\/stiri\/wp-json\/wp\/v2\/posts"}],"about":[{"href":"https:\/\/www.giurgiuveanul.ro\/stiri\/wp-json\/wp\/v2\/types\/post"}],"author":[{"embeddable":true,"href":"https:\/\/www.giurgiuveanul.ro\/stiri\/wp-json\/wp\/v2\/users\/1"}],"replies":[{"embeddable":true,"href":"https:\/\/www.giurgiuveanul.ro\/stiri\/wp-json\/wp\/v2\/comments?post=50300"}],"version-history":[{"count":0,"href":"https:\/\/www.giurgiuveanul.ro\/stiri\/wp-json\/wp\/v2\/posts\/50300\/revisions"}],"wp:attachment":[{"href":"https:\/\/www.giurgiuveanul.ro\/stiri\/wp-json\/wp\/v2\/media?parent=50300"}],"wp:term":[{"taxonomy":"category","embeddable":true,"href":"https:\/\/www.giurgiuveanul.ro\/stiri\/wp-json\/wp\/v2\/categories?post=50300"},{"taxonomy":"post_tag","embeddable":true,"href":"https:\/\/www.giurgiuveanul.ro\/stiri\/wp-json\/wp\/v2\/tags?post=50300"}],"curies":[{"name":"wp","href":"https:\/\/api.w.org\/{rel}","templated":true}]}}