{"id":50315,"date":"2018-03-04T18:55:43","date_gmt":"2018-03-04T16:55:43","guid":{"rendered":"https:\/\/www.giurgiuveanul.ro\/stiri\/?p=50315"},"modified":"2018-03-04T18:55:43","modified_gmt":"2018-03-04T16:55:43","slug":"mandat-de-executare-pedepsei-cu-inchisoarea-pus-in-aplicare-de-politisti-2","status":"publish","type":"post","link":"https:\/\/www.giurgiuveanul.ro\/stiri\/mandat-de-executare-pedepsei-cu-inchisoarea-pus-in-aplicare-de-politisti-2\/","title":{"rendered":"Mandat de executare a pedepsei cu \u00eenchisoarea, pus \u00een aplicare de poli\u021bi\u0219ti"},"content":{"rendered":"<p style=\"text-align: justify;\"><a href=\"https:\/\/www.giurgiuveanul.ro\/stiri\/wp-content\/uploads\/2018\/03\/catuse-1.jpg\"><img loading=\"lazy\" decoding=\"async\" class=\"aligncenter size-large wp-image-50316\" src=\"https:\/\/www.giurgiuveanul.ro\/stiri\/wp-content\/uploads\/2018\/03\/catuse-1-560x376.jpg\" alt=\"catuse-1\" width=\"560\" height=\"376\" srcset=\"https:\/\/www.giurgiuveanul.ro\/stiri\/wp-content\/uploads\/2018\/03\/catuse-1-560x376.jpg 560w, https:\/\/www.giurgiuveanul.ro\/stiri\/wp-content\/uploads\/2018\/03\/catuse-1-250x168.jpg 250w, https:\/\/www.giurgiuveanul.ro\/stiri\/wp-content\/uploads\/2018\/03\/catuse-1-400x269.jpg 400w, https:\/\/www.giurgiuveanul.ro\/stiri\/wp-content\/uploads\/2018\/03\/catuse-1.jpg 600w\" sizes=\"auto, (max-width: 560px) 100vw, 560px\" \/><\/a>Recent, poli\u021bi\u0219tii<!--more--> Sec\u021biei nr. 2 Poli\u021bie Rural\u0103 Comana au depistat \u0219i re\u021binut un b\u0103rbat, de 29 de ani, din municipiul Bucure\u0219ti care locuia f\u0103r\u0103 forme legale \u00een comuna Comana.<\/p>\n<p style=\"text-align: justify;\">Judec\u0103toria sectorului 2 Bucure\u0219ti, a emis pe numele s\u0103u un mandat de executare a unei pedepse privative de libertate, fiind condamnat la doi ani \u0219i opt luni \u00eenchisoare \u00een regim de deten\u021bie, pentru comiterea unor infrac\u021biuni financiare \u00een mod fraudulos.<\/p>\n<p style=\"text-align: justify;\">Cel \u00een cauz\u0103 a fost \u00eencarcerat \u00een Penitenciarul Giurgiu, pentru executarea pedepsei la care a fost condamnat.<\/p>\n","protected":false},"excerpt":{"rendered":"<p>Recent, poli\u021bi\u0219tii<\/p>\n","protected":false},"author":1,"featured_media":0,"comment_status":"open","ping_status":"open","sticky":false,"template":"","format":"standard","meta":{"footnotes":""},"categories":[6],"tags":[],"class_list":["post-50315","post","type-post","status-publish","format-standard","hentry","category-breaking-news"],"_links":{"self":[{"href":"https:\/\/www.giurgiuveanul.ro\/stiri\/wp-json\/wp\/v2\/posts\/50315","targetHints":{"allow":["GET"]}}],"collection":[{"href":"https:\/\/www.giurgiuveanul.ro\/stiri\/wp-json\/wp\/v2\/posts"}],"about":[{"href":"https:\/\/www.giurgiuveanul.ro\/stiri\/wp-json\/wp\/v2\/types\/post"}],"author":[{"embeddable":true,"href":"https:\/\/www.giurgiuveanul.ro\/stiri\/wp-json\/wp\/v2\/users\/1"}],"replies":[{"embeddable":true,"href":"https:\/\/www.giurgiuveanul.ro\/stiri\/wp-json\/wp\/v2\/comments?post=50315"}],"version-history":[{"count":0,"href":"https:\/\/www.giurgiuveanul.ro\/stiri\/wp-json\/wp\/v2\/posts\/50315\/revisions"}],"wp:attachment":[{"href":"https:\/\/www.giurgiuveanul.ro\/stiri\/wp-json\/wp\/v2\/media?parent=50315"}],"wp:term":[{"taxonomy":"category","embeddable":true,"href":"https:\/\/www.giurgiuveanul.ro\/stiri\/wp-json\/wp\/v2\/categories?post=50315"},{"taxonomy":"post_tag","embeddable":true,"href":"https:\/\/www.giurgiuveanul.ro\/stiri\/wp-json\/wp\/v2\/tags?post=50315"}],"curies":[{"name":"wp","href":"https:\/\/api.w.org\/{rel}","templated":true}]}}