{"id":50321,"date":"2018-03-05T09:58:11","date_gmt":"2018-03-05T07:58:11","guid":{"rendered":"https:\/\/www.giurgiuveanul.ro\/stiri\/?p=50321"},"modified":"2018-03-05T10:31:03","modified_gmt":"2018-03-05T08:31:03","slug":"facebrands-ro-giurgiuveanul-depasit-24-000-de-fani-ocupand-locul-patru-in-topul-pe-judetul-giurgiu-va-multumim","status":"publish","type":"post","link":"https:\/\/www.giurgiuveanul.ro\/stiri\/facebrands-ro-giurgiuveanul-depasit-24-000-de-fani-ocupand-locul-patru-in-topul-pe-judetul-giurgiu-va-multumim\/","title":{"rendered":"FACEBRANDS.RO. \u201eGiurgiuveanul\u201d are peste 24.000 de fani, ocup\u00e2nd locul cinci \u00een TOPUL pe jude\u0163ul Giurgiu! V\u0103 mul\u0163umim!"},"content":{"rendered":"<p style=\"text-align: justify;\"><a href=\"https:\/\/www.giurgiuveanul.ro\/stiri\/wp-content\/uploads\/2018\/03\/24.000-likeuri-Giurgiuveanul.jpg\"><img loading=\"lazy\" decoding=\"async\" class=\"aligncenter size-large wp-image-50322\" src=\"https:\/\/www.giurgiuveanul.ro\/stiri\/wp-content\/uploads\/2018\/03\/24.000-likeuri-Giurgiuveanul-560x410.jpg\" alt=\"24.000 likeuri Giurgiuveanul\" width=\"560\" height=\"410\" srcset=\"https:\/\/www.giurgiuveanul.ro\/stiri\/wp-content\/uploads\/2018\/03\/24.000-likeuri-Giurgiuveanul-560x410.jpg 560w, https:\/\/www.giurgiuveanul.ro\/stiri\/wp-content\/uploads\/2018\/03\/24.000-likeuri-Giurgiuveanul-250x183.jpg 250w, https:\/\/www.giurgiuveanul.ro\/stiri\/wp-content\/uploads\/2018\/03\/24.000-likeuri-Giurgiuveanul-400x293.jpg 400w, https:\/\/www.giurgiuveanul.ro\/stiri\/wp-content\/uploads\/2018\/03\/24.000-likeuri-Giurgiuveanul.jpg 800w\" sizes=\"auto, (max-width: 560px) 100vw, 560px\" \/><\/a>Din totalul de 80.570 <!--more-->utilizatori (0,87% din totalul utilizatorilor din Rom\u00e2nia), c\u00e2t are jude\u0163ul Giurgiu pe Facebook, 24.084 sunt fani no\u015ftri, care au apreciat \u015fi urm\u0103resc cotidianul \u201eGiurgiuveanul\u201d!<\/p>\n<p style=\"text-align: justify;\">Acest num\u0103r destul de mare ne confer\u0103, potrivit Facebrands.ro, locul\u00a0cinci \u00een clasamentul pe jude\u0163ul Giurgiu <a href=\"http:\/\/giurgiu.facebrands.ro\/\">http:\/\/giurgiu.facebrands.ro\/<\/a> !<\/p>\n<p style=\"text-align: justify;\">Urm\u0103torul loc <em>(pozi\u0163ia \u015fase)<\/em> este ocupat de <strong>\u201eRedac\u0163ia Giurgiuveanul\u201d<\/strong> cu <strong>12.918 fani<\/strong>!<\/p>\n<p style=\"text-align: justify;\">Pentru c\u0103 ne citi\u0163i zi de zi, pentru c\u0103 ne aprecia\u0163i pentru informa\u0163iile pe care vi le oferim \u015fi ne-a\u0163i ajutat s\u0103 ne consolid\u0103m pozi\u0163ia de lideri pe pia\u0163a media din Giurgiu&#8230; V\u0102 MUL\u0162UMIM!<\/p>\n<p style=\"text-align: justify;\"><a href=\"https:\/\/www.giurgiuveanul.ro\/stiri\/wp-content\/uploads\/2018\/03\/shutterstock_86547214.jpg\"><img loading=\"lazy\" decoding=\"async\" class=\"aligncenter size-large wp-image-50324\" src=\"https:\/\/www.giurgiuveanul.ro\/stiri\/wp-content\/uploads\/2018\/03\/shutterstock_86547214-468x450.jpg\" alt=\"shutterstock_86547214\" width=\"468\" height=\"450\" srcset=\"https:\/\/www.giurgiuveanul.ro\/stiri\/wp-content\/uploads\/2018\/03\/shutterstock_86547214-468x450.jpg 468w, https:\/\/www.giurgiuveanul.ro\/stiri\/wp-content\/uploads\/2018\/03\/shutterstock_86547214-250x241.jpg 250w, https:\/\/www.giurgiuveanul.ro\/stiri\/wp-content\/uploads\/2018\/03\/shutterstock_86547214-400x385.jpg 400w, https:\/\/www.giurgiuveanul.ro\/stiri\/wp-content\/uploads\/2018\/03\/shutterstock_86547214.jpg 500w\" sizes=\"auto, (max-width: 468px) 100vw, 468px\" \/><\/a><\/p>\n","protected":false},"excerpt":{"rendered":"<p>Din totalul de 80.570<\/p>\n","protected":false},"author":1,"featured_media":0,"comment_status":"open","ping_status":"open","sticky":false,"template":"","format":"standard","meta":{"footnotes":""},"categories":[6],"tags":[],"class_list":["post-50321","post","type-post","status-publish","format-standard","hentry","category-breaking-news"],"_links":{"self":[{"href":"https:\/\/www.giurgiuveanul.ro\/stiri\/wp-json\/wp\/v2\/posts\/50321","targetHints":{"allow":["GET"]}}],"collection":[{"href":"https:\/\/www.giurgiuveanul.ro\/stiri\/wp-json\/wp\/v2\/posts"}],"about":[{"href":"https:\/\/www.giurgiuveanul.ro\/stiri\/wp-json\/wp\/v2\/types\/post"}],"author":[{"embeddable":true,"href":"https:\/\/www.giurgiuveanul.ro\/stiri\/wp-json\/wp\/v2\/users\/1"}],"replies":[{"embeddable":true,"href":"https:\/\/www.giurgiuveanul.ro\/stiri\/wp-json\/wp\/v2\/comments?post=50321"}],"version-history":[{"count":0,"href":"https:\/\/www.giurgiuveanul.ro\/stiri\/wp-json\/wp\/v2\/posts\/50321\/revisions"}],"wp:attachment":[{"href":"https:\/\/www.giurgiuveanul.ro\/stiri\/wp-json\/wp\/v2\/media?parent=50321"}],"wp:term":[{"taxonomy":"category","embeddable":true,"href":"https:\/\/www.giurgiuveanul.ro\/stiri\/wp-json\/wp\/v2\/categories?post=50321"},{"taxonomy":"post_tag","embeddable":true,"href":"https:\/\/www.giurgiuveanul.ro\/stiri\/wp-json\/wp\/v2\/tags?post=50321"}],"curies":[{"name":"wp","href":"https:\/\/api.w.org\/{rel}","templated":true}]}}