{"id":50327,"date":"2018-03-05T10:20:33","date_gmt":"2018-03-05T08:20:33","guid":{"rendered":"https:\/\/www.giurgiuveanul.ro\/stiri\/?p=50327"},"modified":"2018-03-05T10:20:33","modified_gmt":"2018-03-05T08:20:33","slug":"tanar-giurgiuvean-prins-in-trafic-cu-095-alcoolemie-si-fara-permis-de-conducere","status":"publish","type":"post","link":"https:\/\/www.giurgiuveanul.ro\/stiri\/tanar-giurgiuvean-prins-in-trafic-cu-095-alcoolemie-si-fara-permis-de-conducere\/","title":{"rendered":"T\u00e2n\u0103r giurgiuvean, prins \u00een trafic cu 0,95 alcoolemie \u0219i&#8230; f\u0103r\u0103 permis de conducere!"},"content":{"rendered":"<p style=\"text-align: justify;\"><strong><a href=\"https:\/\/www.giurgiuveanul.ro\/stiri\/wp-content\/uploads\/2018\/03\/images-1.jpg\"><img loading=\"lazy\" decoding=\"async\" class=\"aligncenter size-large wp-image-50329\" src=\"https:\/\/www.giurgiuveanul.ro\/stiri\/wp-content\/uploads\/2018\/03\/images-1-560x294.jpg\" alt=\"images 1\" width=\"560\" height=\"294\" srcset=\"https:\/\/www.giurgiuveanul.ro\/stiri\/wp-content\/uploads\/2018\/03\/images-1-560x294.jpg 560w, https:\/\/www.giurgiuveanul.ro\/stiri\/wp-content\/uploads\/2018\/03\/images-1-250x131.jpg 250w, https:\/\/www.giurgiuveanul.ro\/stiri\/wp-content\/uploads\/2018\/03\/images-1-400x210.jpg 400w, https:\/\/www.giurgiuveanul.ro\/stiri\/wp-content\/uploads\/2018\/03\/images-1.jpg 1200w\" sizes=\"auto, (max-width: 560px) 100vw, 560px\" \/><\/a>Poli\u021bi\u0219tii din cadrul Biroului Rutier au <!--more-->depistat, recent, \u00een trafic, un t\u00e2n\u0103r, de 30 ani, din comuna Gostinari, \u00een timp ce conducea un autoturism, pe \u0219oseaua Bisericii, din localitatea Gostinari, jude\u021bul Giurgiu, afl\u00e2ndu-se sub influen\u021ba b\u0103uturilor alcoolice.<\/strong><\/p>\n<p style=\"text-align: justify;\">Conduc\u0103torul auto a fost testat cu aparatul etilotest, care a indicat o valoare de 0,95 mg.\/l. alcool pur \u00een aerul expirat \u0219i a fost condus la Centrul Medical de Permanent\u0103 Coliba\u0219i, unde i-au fost recoltate probe biologice de s\u00e2nge \u00een vederea stabilirii alcoolemiei.<\/p>\n<p style=\"text-align: justify;\">De asemenea \u00een urma verific\u0103rilor efectuate s-a stabilit c\u0103 conduc\u0103torul auto, nu posed\u0103 permis de conducere pentru nicio categorie.<\/p>\n<p style=\"text-align: justify;\"><em>\u00cen cauz\u0103 a fost \u00eentocmit un dosar penal \u00een care se efectueaz\u0103 cercet\u0103ri sub aspectul s\u0103v\u00e2r\u0219irii infrac\u021biunilor de conducerea unui autovehicul pe drumurile publice sub influen\u021ba alcoolului \u0219i conducerea unui vehicul pe drumurile publice f\u0103r\u0103 permis de conducere.<\/em><\/p>\n","protected":false},"excerpt":{"rendered":"<p>Poli\u021bi\u0219tii din cadrul Biroului Rutier au<\/p>\n","protected":false},"author":1,"featured_media":0,"comment_status":"open","ping_status":"open","sticky":false,"template":"","format":"standard","meta":{"footnotes":""},"categories":[6],"tags":[],"class_list":["post-50327","post","type-post","status-publish","format-standard","hentry","category-breaking-news"],"_links":{"self":[{"href":"https:\/\/www.giurgiuveanul.ro\/stiri\/wp-json\/wp\/v2\/posts\/50327","targetHints":{"allow":["GET"]}}],"collection":[{"href":"https:\/\/www.giurgiuveanul.ro\/stiri\/wp-json\/wp\/v2\/posts"}],"about":[{"href":"https:\/\/www.giurgiuveanul.ro\/stiri\/wp-json\/wp\/v2\/types\/post"}],"author":[{"embeddable":true,"href":"https:\/\/www.giurgiuveanul.ro\/stiri\/wp-json\/wp\/v2\/users\/1"}],"replies":[{"embeddable":true,"href":"https:\/\/www.giurgiuveanul.ro\/stiri\/wp-json\/wp\/v2\/comments?post=50327"}],"version-history":[{"count":0,"href":"https:\/\/www.giurgiuveanul.ro\/stiri\/wp-json\/wp\/v2\/posts\/50327\/revisions"}],"wp:attachment":[{"href":"https:\/\/www.giurgiuveanul.ro\/stiri\/wp-json\/wp\/v2\/media?parent=50327"}],"wp:term":[{"taxonomy":"category","embeddable":true,"href":"https:\/\/www.giurgiuveanul.ro\/stiri\/wp-json\/wp\/v2\/categories?post=50327"},{"taxonomy":"post_tag","embeddable":true,"href":"https:\/\/www.giurgiuveanul.ro\/stiri\/wp-json\/wp\/v2\/tags?post=50327"}],"curies":[{"name":"wp","href":"https:\/\/api.w.org\/{rel}","templated":true}]}}