{"id":50335,"date":"2018-03-05T10:36:21","date_gmt":"2018-03-05T08:36:21","guid":{"rendered":"https:\/\/www.giurgiuveanul.ro\/stiri\/?p=50335"},"modified":"2018-03-05T10:36:21","modified_gmt":"2018-03-05T08:36:21","slug":"la-volan-fara-permis","status":"publish","type":"post","link":"https:\/\/www.giurgiuveanul.ro\/stiri\/la-volan-fara-permis\/","title":{"rendered":"La volan, F\u0102R\u0102 PERMIS!"},"content":{"rendered":"<p style=\"text-align: justify;\"><strong><a href=\"https:\/\/www.giurgiuveanul.ro\/stiri\/wp-content\/uploads\/2018\/03\/permis2.jpg\"><img loading=\"lazy\" decoding=\"async\" class=\"aligncenter size-large wp-image-50336\" src=\"https:\/\/www.giurgiuveanul.ro\/stiri\/wp-content\/uploads\/2018\/03\/permis2-560x301.jpg\" alt=\"permis2\" width=\"560\" height=\"301\" srcset=\"https:\/\/www.giurgiuveanul.ro\/stiri\/wp-content\/uploads\/2018\/03\/permis2-560x301.jpg 560w, https:\/\/www.giurgiuveanul.ro\/stiri\/wp-content\/uploads\/2018\/03\/permis2-250x134.jpg 250w, https:\/\/www.giurgiuveanul.ro\/stiri\/wp-content\/uploads\/2018\/03\/permis2-400x215.jpg 400w, https:\/\/www.giurgiuveanul.ro\/stiri\/wp-content\/uploads\/2018\/03\/permis2.jpg 680w\" sizes=\"auto, (max-width: 560px) 100vw, 560px\" \/><\/a>Un t\u00e2n\u0103r, de 21 ani, este cercetat de poli\u021bi\u0219ti dup\u0103 ce a fost depistat conduc\u00e2nd autoturismul, <!--more-->de\u0219i nu poseda permis.<\/strong><\/p>\n<p style=\"text-align: justify;\">S\u00e2mb\u0103t\u0103, 3 martie a.c., \u00een jurul orei 23.30, poli\u021bi\u0219tii din cadrul Postului de Poli\u021bie Clejani au depistat pe Drumul Na\u021bional 61, \u00een localitatea Clejani, un t\u00e2n\u0103r de 21 de ani, din localitatea Podul Doamnei, \u00een timp ce conducea un autoturism, f\u0103r\u0103 a poseda permis de conducere pentru nicio categorie de vehicule.<\/p>\n<p style=\"text-align: justify;\">Poli\u021bi\u0219tii au \u00eentocmit \u00een cauz\u0103 un dosar penal \u00een care persoana depistat\u0103 este cercetat\u0103, pentru s\u0103v\u00e2r\u0219irea infrac\u021biunii de conducerea unui vehicul pe drumurile publice f\u0103r\u0103 permis de conducere.<\/p>\n","protected":false},"excerpt":{"rendered":"<p>Un t\u00e2n\u0103r, de 21 ani, este cercetat de poli\u021bi\u0219ti dup\u0103 ce a fost depistat conduc\u00e2nd autoturismul,<\/p>\n","protected":false},"author":1,"featured_media":0,"comment_status":"open","ping_status":"open","sticky":false,"template":"","format":"standard","meta":{"footnotes":""},"categories":[6],"tags":[],"class_list":["post-50335","post","type-post","status-publish","format-standard","hentry","category-breaking-news"],"_links":{"self":[{"href":"https:\/\/www.giurgiuveanul.ro\/stiri\/wp-json\/wp\/v2\/posts\/50335","targetHints":{"allow":["GET"]}}],"collection":[{"href":"https:\/\/www.giurgiuveanul.ro\/stiri\/wp-json\/wp\/v2\/posts"}],"about":[{"href":"https:\/\/www.giurgiuveanul.ro\/stiri\/wp-json\/wp\/v2\/types\/post"}],"author":[{"embeddable":true,"href":"https:\/\/www.giurgiuveanul.ro\/stiri\/wp-json\/wp\/v2\/users\/1"}],"replies":[{"embeddable":true,"href":"https:\/\/www.giurgiuveanul.ro\/stiri\/wp-json\/wp\/v2\/comments?post=50335"}],"version-history":[{"count":0,"href":"https:\/\/www.giurgiuveanul.ro\/stiri\/wp-json\/wp\/v2\/posts\/50335\/revisions"}],"wp:attachment":[{"href":"https:\/\/www.giurgiuveanul.ro\/stiri\/wp-json\/wp\/v2\/media?parent=50335"}],"wp:term":[{"taxonomy":"category","embeddable":true,"href":"https:\/\/www.giurgiuveanul.ro\/stiri\/wp-json\/wp\/v2\/categories?post=50335"},{"taxonomy":"post_tag","embeddable":true,"href":"https:\/\/www.giurgiuveanul.ro\/stiri\/wp-json\/wp\/v2\/tags?post=50335"}],"curies":[{"name":"wp","href":"https:\/\/api.w.org\/{rel}","templated":true}]}}