{"id":50360,"date":"2018-03-06T14:07:36","date_gmt":"2018-03-06T12:07:36","guid":{"rendered":"https:\/\/www.giurgiuveanul.ro\/stiri\/?p=50360"},"modified":"2018-03-06T14:08:36","modified_gmt":"2018-03-06T12:08:36","slug":"accident-au-avut-noroc-cu-carul-s-au-rasturnat-cu-masina-si-au-ramas-in-pozitia-in-care-vedeti-fara-fi-raniti-foto","status":"publish","type":"post","link":"https:\/\/www.giurgiuveanul.ro\/stiri\/accident-au-avut-noroc-cu-carul-s-au-rasturnat-cu-masina-si-au-ramas-in-pozitia-in-care-vedeti-fara-fi-raniti-foto\/","title":{"rendered":"ACCIDENT! \u201cAu avut noroc cu carul\u201d! S-au r\u0103sturnat cu ma\u015fina \u015fi au r\u0103mas \u00een pozi\u0163ia \u00een care o vede\u0163i\u2026 f\u0103r\u0103 a fi r\u0103ni\u0163i! (FOTO)"},"content":{"rendered":"<p style=\"text-align: justify;\"><a href=\"https:\/\/www.giurgiuveanul.ro\/stiri\/wp-content\/uploads\/2018\/03\/28833291_1843172325758210_2005607605_n-2.jpg\"><img loading=\"lazy\" decoding=\"async\" class=\"aligncenter size-large wp-image-50361\" src=\"https:\/\/www.giurgiuveanul.ro\/stiri\/wp-content\/uploads\/2018\/03\/28833291_1843172325758210_2005607605_n-2-560x405.jpg\" alt=\"28833291_1843172325758210_2005607605_n-2\" width=\"560\" height=\"405\" srcset=\"https:\/\/www.giurgiuveanul.ro\/stiri\/wp-content\/uploads\/2018\/03\/28833291_1843172325758210_2005607605_n-2-560x405.jpg 560w, https:\/\/www.giurgiuveanul.ro\/stiri\/wp-content\/uploads\/2018\/03\/28833291_1843172325758210_2005607605_n-2-250x181.jpg 250w, https:\/\/www.giurgiuveanul.ro\/stiri\/wp-content\/uploads\/2018\/03\/28833291_1843172325758210_2005607605_n-2-400x289.jpg 400w, https:\/\/www.giurgiuveanul.ro\/stiri\/wp-content\/uploads\/2018\/03\/28833291_1843172325758210_2005607605_n-2.jpg 800w\" sizes=\"auto, (max-width: 560px) 100vw, 560px\" \/><\/a>Dou\u0103 persoane, so\u0163 \u0163i so\u0163ie, au<!--more--> trecut printr-o experien\u0163\u0103 demn\u0103 de filmele de ac\u0163iune dup\u0103 ce s-au r\u0103sturnat cu autoturismul, acesta r\u0103m\u00e2n\u00e2nd pe carosabil cu ro\u0163ile \u00een sus. Nefastul eveniment a avut loc, \u00een urm\u0103 cu pu\u0163in timp, pe DJ 504 Giurgiu \u2013 Vieru!<\/p>\n<p style=\"text-align: justify;\">Imediat, la locul accidentului au sosit echipele de interven\u0163ie de la ISU \u015fi de la SAJ Giurgiu.<\/p>\n<p style=\"text-align: justify;\">Niciuna dintre victime nu a suferit r\u0103ni, medicii sosi\u0163i la fa\u0163a locului sus\u0163in\u00e2nd ca acestea au avut mare noroc.<\/p>\n<p style=\"text-align: justify;\">Potrivit Poli\u0163iei, conduc\u0103torul auto a fost sanc\u0163ionat de agen\u0163ii de la Rutier\u0103 pentru neadaptarea vitezei la condi\u0163iile de drum<\/p>\n","protected":false},"excerpt":{"rendered":"<p>Dou\u0103 persoane, so\u0163 \u0163i so\u0163ie, au<\/p>\n","protected":false},"author":1,"featured_media":0,"comment_status":"open","ping_status":"open","sticky":false,"template":"","format":"standard","meta":{"footnotes":""},"categories":[6],"tags":[],"class_list":["post-50360","post","type-post","status-publish","format-standard","hentry","category-breaking-news"],"_links":{"self":[{"href":"https:\/\/www.giurgiuveanul.ro\/stiri\/wp-json\/wp\/v2\/posts\/50360","targetHints":{"allow":["GET"]}}],"collection":[{"href":"https:\/\/www.giurgiuveanul.ro\/stiri\/wp-json\/wp\/v2\/posts"}],"about":[{"href":"https:\/\/www.giurgiuveanul.ro\/stiri\/wp-json\/wp\/v2\/types\/post"}],"author":[{"embeddable":true,"href":"https:\/\/www.giurgiuveanul.ro\/stiri\/wp-json\/wp\/v2\/users\/1"}],"replies":[{"embeddable":true,"href":"https:\/\/www.giurgiuveanul.ro\/stiri\/wp-json\/wp\/v2\/comments?post=50360"}],"version-history":[{"count":0,"href":"https:\/\/www.giurgiuveanul.ro\/stiri\/wp-json\/wp\/v2\/posts\/50360\/revisions"}],"wp:attachment":[{"href":"https:\/\/www.giurgiuveanul.ro\/stiri\/wp-json\/wp\/v2\/media?parent=50360"}],"wp:term":[{"taxonomy":"category","embeddable":true,"href":"https:\/\/www.giurgiuveanul.ro\/stiri\/wp-json\/wp\/v2\/categories?post=50360"},{"taxonomy":"post_tag","embeddable":true,"href":"https:\/\/www.giurgiuveanul.ro\/stiri\/wp-json\/wp\/v2\/tags?post=50360"}],"curies":[{"name":"wp","href":"https:\/\/api.w.org\/{rel}","templated":true}]}}