{"id":50364,"date":"2018-03-06T15:05:19","date_gmt":"2018-03-06T13:05:19","guid":{"rendered":"https:\/\/www.giurgiuveanul.ro\/stiri\/?p=50364"},"modified":"2018-03-06T16:13:15","modified_gmt":"2018-03-06T14:13:15","slug":"acum-accident-de-circulatie-pe-dn6-microbuz-intrat-coliziune-cu-sapte-autoturisme-foto","status":"publish","type":"post","link":"https:\/\/www.giurgiuveanul.ro\/stiri\/acum-accident-de-circulatie-pe-dn6-microbuz-intrat-coliziune-cu-sapte-autoturisme-foto\/","title":{"rendered":"ACUM! ACCIDENT de circula\u021bie pe DN6. Un microbuz a intrat in coliziune cu \u0219apte autoturisme (FOTO)"},"content":{"rendered":"<p style=\"text-align: justify;\"><a href=\"https:\/\/www.giurgiuveanul.ro\/stiri\/wp-content\/uploads\/2018\/03\/28537878_1665577590193320_1554737657_n.jpg\"><img loading=\"lazy\" decoding=\"async\" class=\"aligncenter size-full wp-image-50365\" src=\"https:\/\/www.giurgiuveanul.ro\/stiri\/wp-content\/uploads\/2018\/03\/28537878_1665577590193320_1554737657_n.jpg\" alt=\"28537878_1665577590193320_1554737657_n\" width=\"373\" height=\"280\" srcset=\"https:\/\/www.giurgiuveanul.ro\/stiri\/wp-content\/uploads\/2018\/03\/28537878_1665577590193320_1554737657_n.jpg 373w, https:\/\/www.giurgiuveanul.ro\/stiri\/wp-content\/uploads\/2018\/03\/28537878_1665577590193320_1554737657_n-250x188.jpg 250w\" sizes=\"auto, (max-width: 373px) 100vw, 373px\" \/><\/a>Un accident de circula\u021bie s-a produs \u00een urm\u0103 cu pu\u021bin timp, pe DN6, <!--more-->\u00een localitatea Mih\u0103ile\u0219ti. \u0218oferul unui microbuz de c\u0103l\u0103tori, \u00een v\u00e2rst\u0103 de 47 de ani, din Radu Vod\u0103, c\u0103ruia i s-ar fi f\u0103cut r\u0103u la volan, a pierdut controlul autovehicului, a p\u0103truns pe sensul opus de mers, unde a intrat \u00een coliziune cu un autoturism Skoda.<\/p>\n<p style=\"text-align: justify;\"><a href=\"https:\/\/www.giurgiuveanul.ro\/stiri\/wp-content\/uploads\/2018\/03\/28537453_1665577533526659_1620713431_n.jpg\"><img loading=\"lazy\" decoding=\"async\" class=\"aligncenter size-full wp-image-50366\" src=\"https:\/\/www.giurgiuveanul.ro\/stiri\/wp-content\/uploads\/2018\/03\/28537453_1665577533526659_1620713431_n.jpg\" alt=\"28537453_1665577533526659_1620713431_n\" width=\"280\" height=\"373\" srcset=\"https:\/\/www.giurgiuveanul.ro\/stiri\/wp-content\/uploads\/2018\/03\/28537453_1665577533526659_1620713431_n.jpg 280w, https:\/\/www.giurgiuveanul.ro\/stiri\/wp-content\/uploads\/2018\/03\/28537453_1665577533526659_1620713431_n-225x300.jpg 225w\" sizes=\"auto, (max-width: 280px) 100vw, 280px\" \/><\/a><\/p>\n<p style=\"text-align: justify;\"><a href=\"https:\/\/www.giurgiuveanul.ro\/stiri\/wp-content\/uploads\/2018\/03\/28722193_1665577623526650_1533344939_n.jpg\"><img loading=\"lazy\" decoding=\"async\" class=\"aligncenter size-full wp-image-50367\" src=\"https:\/\/www.giurgiuveanul.ro\/stiri\/wp-content\/uploads\/2018\/03\/28722193_1665577623526650_1533344939_n.jpg\" alt=\"28722193_1665577623526650_1533344939_n\" width=\"280\" height=\"373\" srcset=\"https:\/\/www.giurgiuveanul.ro\/stiri\/wp-content\/uploads\/2018\/03\/28722193_1665577623526650_1533344939_n.jpg 280w, https:\/\/www.giurgiuveanul.ro\/stiri\/wp-content\/uploads\/2018\/03\/28722193_1665577623526650_1533344939_n-225x300.jpg 225w\" sizes=\"auto, (max-width: 280px) 100vw, 280px\" \/><\/a><\/p>\n<p style=\"text-align: justify;\">Microbuzul a intrat apoi \u00een coliziune cu alte \u0219ase autoturisme, parcate \u00een fa\u021ba sediului prim\u0103riei din localitate. \u00cen microbuz nu se aflau pasageri,\u00a0 iar \u00een urma accidentului \u00een lan\u021b nu au fost persoane care s\u0103 solicite transportul la spital.<\/p>\n<p style=\"text-align: justify;\">Poli\u021bi\u0219tii continu\u0103 cercet\u0103rile pentru a stabili cu exactitate \u00eemprejur\u0103rile \u00een care s-a produs accidentul de circula\u021bie.Traficul \u00een zon\u0103 nu a fost afectat.<\/p>\n<p><em>Mul\u0163umim, \u015fi pe aceast\u0103 cale, cititorului nostru, <\/em><strong>Cristian Valeriu,<\/strong><em> pentru imaginile trimise \u00een timp util, pe adresa redac\u0163iei!<\/em><\/p>\n","protected":false},"excerpt":{"rendered":"<p>Un accident de circula\u021bie s-a produs \u00een urm\u0103 cu pu\u021bin timp, pe DN6,<\/p>\n","protected":false},"author":1,"featured_media":0,"comment_status":"open","ping_status":"open","sticky":false,"template":"","format":"standard","meta":{"footnotes":""},"categories":[6],"tags":[],"class_list":["post-50364","post","type-post","status-publish","format-standard","hentry","category-breaking-news"],"_links":{"self":[{"href":"https:\/\/www.giurgiuveanul.ro\/stiri\/wp-json\/wp\/v2\/posts\/50364","targetHints":{"allow":["GET"]}}],"collection":[{"href":"https:\/\/www.giurgiuveanul.ro\/stiri\/wp-json\/wp\/v2\/posts"}],"about":[{"href":"https:\/\/www.giurgiuveanul.ro\/stiri\/wp-json\/wp\/v2\/types\/post"}],"author":[{"embeddable":true,"href":"https:\/\/www.giurgiuveanul.ro\/stiri\/wp-json\/wp\/v2\/users\/1"}],"replies":[{"embeddable":true,"href":"https:\/\/www.giurgiuveanul.ro\/stiri\/wp-json\/wp\/v2\/comments?post=50364"}],"version-history":[{"count":0,"href":"https:\/\/www.giurgiuveanul.ro\/stiri\/wp-json\/wp\/v2\/posts\/50364\/revisions"}],"wp:attachment":[{"href":"https:\/\/www.giurgiuveanul.ro\/stiri\/wp-json\/wp\/v2\/media?parent=50364"}],"wp:term":[{"taxonomy":"category","embeddable":true,"href":"https:\/\/www.giurgiuveanul.ro\/stiri\/wp-json\/wp\/v2\/categories?post=50364"},{"taxonomy":"post_tag","embeddable":true,"href":"https:\/\/www.giurgiuveanul.ro\/stiri\/wp-json\/wp\/v2\/tags?post=50364"}],"curies":[{"name":"wp","href":"https:\/\/api.w.org\/{rel}","templated":true}]}}