{"id":50407,"date":"2018-03-07T15:02:35","date_gmt":"2018-03-07T13:02:35","guid":{"rendered":"https:\/\/www.giurgiuveanul.ro\/stiri\/?p=50407"},"modified":"2018-03-07T15:02:44","modified_gmt":"2018-03-07T13:02:44","slug":"zeci-de-perchezitii-in-romania-si-in-germania-intr-un-dosar-privind-trafic-de-migranti","status":"publish","type":"post","link":"https:\/\/www.giurgiuveanul.ro\/stiri\/zeci-de-perchezitii-in-romania-si-in-germania-intr-un-dosar-privind-trafic-de-migranti\/","title":{"rendered":"Zeci de perchezi\u0163ii \u00een Rom\u00e2nia \u015fi \u00een Germania&#8230; \u00eentr-un dosar privind trafic de migran\u0163i"},"content":{"rendered":"<p style=\"text-align: justify;\"><strong><a href=\"https:\/\/www.giurgiuveanul.ro\/stiri\/wp-content\/uploads\/2018\/03\/IMG_4540.jpg\"><img loading=\"lazy\" decoding=\"async\" class=\"aligncenter size-large wp-image-50408\" src=\"https:\/\/www.giurgiuveanul.ro\/stiri\/wp-content\/uploads\/2018\/03\/IMG_4540-497x450.jpg\" alt=\"IMG_4540\" width=\"497\" height=\"450\" srcset=\"https:\/\/www.giurgiuveanul.ro\/stiri\/wp-content\/uploads\/2018\/03\/IMG_4540-497x450.jpg 497w, https:\/\/www.giurgiuveanul.ro\/stiri\/wp-content\/uploads\/2018\/03\/IMG_4540-250x227.jpg 250w, https:\/\/www.giurgiuveanul.ro\/stiri\/wp-content\/uploads\/2018\/03\/IMG_4540-400x363.jpg 400w, https:\/\/www.giurgiuveanul.ro\/stiri\/wp-content\/uploads\/2018\/03\/IMG_4540.jpg 800w\" sizes=\"auto, (max-width: 497px) 100vw, 497px\" \/><\/a>Zeci de perchezi\u0163ii au loc ast\u0103zi, miercuri, 7 martie 2018, \u00een<!--more--> Rom\u00e2nia \u015fi Germania, simultan, la persoane suspectate c\u0103 aduceau migran\u0163i din Orientul Mijlociu \u015fi \u00eei c\u0103l\u0103uzeau p\u00e2n\u0103 \u00een Germania. Conform anchetatorilor, re\u0163eaua ac\u0163iona pe ruta Turcia \u2013 Bulgaria \u2013 Serbia \u2013 Rom\u00e2nia \u2013 Ungaria \u2013 Austria \u2013 Germania, traseu pe care, \u00een anul 2017, au fost transportate mai multe grupuri de transfugi. Ca s\u0103 ajung\u0103 \u00een vestul Europei, migran\u0163ii pl\u0103teau trafican\u0163ilor sume cuprinse \u00eentre 4.000 \u015fi 5.000 de euro de persoan\u0103.<\/strong><\/p>\n<p style=\"text-align: justify;\">Potrivit unor surse din cadrul anchetatorilor, membrii re\u0163elei aduceau migran\u0163i din Orientul Mijlociu, \u00een Rom\u00e2nia, apoi \u00eei c\u0103l\u0103uzeau p\u00e2n\u0103 \u00een Germania.<\/p>\n<p style=\"text-align: justify;\">Procurori ai DIICOT Timi\u015foara, ofi\u0163eri DGA \u015fi ofi\u0163eri de la Crima Organizat\u0103 au descins la locuin\u0163ele mai multor suspec\u0163i, dar \u015fi la c\u00e2teva pensiuni din Timi\u015foara unde se b\u0103nuie\u015fte c\u0103 ar fi caza\u0163i migran\u0163i sau unde \u00een trecut au fost caza\u0163i. La r\u00e2ndul lor, ofi\u0163eri ai BKA (Bundeskriminal Amt) fac perchezi\u0163ii la adrese din Germania.<\/p>\n<p style=\"text-align: justify;\">Conform anchetatorilor, re\u0163eaua ac\u0163iona pe ruta Turcia \u2013 Bulgaria \u2013 Serbia \u2013 Rom\u00e2nia \u2013 Ungaria \u2013 Austria \u2013 Germania, traseu pe care, \u00een anul 2017, au fost transportate mai multe grupuri de transfugi. Ca s\u0103 ajung\u0103 \u00een vestul Europei, migran\u0163ii pl\u0103teau trafican\u0163ilor sume cuprinse \u00eentre 4.000 \u015fi 5.000 de euro de persoan\u0103.<\/p>\n<p style=\"text-align: justify;\">Re\u0163eaua era bine organizat\u0103, pe diverse paliere de racolare, \u00eendrumare, cazare \u015fi transport, iar pentru a nu fi depista\u0163i membrii grup\u0103rii foloseau tot felul de metode, dispozitive tehnice de ultim\u0103 genera\u0163ie, aplica\u0163ii mobile greu de urm\u0103rit, GPS-uri, ma\u015fini cu numere de \u00eenmatriculare din diferite \u0163\u0103ri.<\/p>\n<p style=\"text-align: justify;\">La transferul migran\u0163ilor peste frontier\u0103, din Serbia c\u0103tre Rom\u00e2nia, loca\u0163iile erau transmise prin aplica\u0163ii precum Whatsapp sau Viber. Apoi, pe tot parcursul tranzit\u0103rii grani\u0163ei, telefoanele erau \u00eenchise pentru a nu fi \u00eenregistrat\u0103 vreo loca\u0163ie \u00een memoria dispozitivelor, \u00een cazul \u00een care cineva era prins.<\/p>\n<p style=\"text-align: justify;\">Fiecare dintre segmentele na\u0163ionale ale filierei era coordonat de c\u0103tre un lider zonal, to\u0163i cet\u0103\u0163eni arabi, care \u00ee\u015fi contactau \u201dsubordona\u0163ii\u201d doar prin aplica\u0163ii online, potrivit\u00a0<a href=\"https:\/\/www.news.ro\/eveniment\/zeci-de-perchezitii-in-romania-si-in-germania-intr-un-dosar-privind-trafic-de-migranti-1922405807002018030717937383\">news.ro.<\/a><\/p>\n<p style=\"text-align: justify;\">Transporturile de migran\u0163i erau preg\u0103tite \u00een am\u0103nunt. Liderii din Serbia \u015fi Rom\u00e2nia stabileau data \u015fi ora transferului, peste f\u00e2\u015fia verde, folosind exclusiv Whatsapp sau Viber, apoi, odat\u0103 ajun\u015fi peste frontier\u0103, transfugii erau prelua\u0163i rapid de diferite mijloace de transport.<\/p>\n<p style=\"text-align: justify;\">\u00cen Timi\u015foara, migran\u0163ii erau caza\u0163i la diferite pensiuni din ora\u015f, unde nu li se solicitau documente, iar dac\u0103 erau prin\u015fi de poli\u0163i\u015fti trebuia s\u0103 cear\u0103 azil \u00een Rom\u00e2nia.<\/p>\n<p style=\"text-align: justify;\">Datorit\u0103 faptului c\u0103 cererile de azil se judec\u0103 pe parcursul mai multor luni, membrii grup\u0103rii aveau timp suficient la dispozi\u0163ie s\u0103 organizeze transportul transfugilor peste grani\u0163\u0103, \u00een Ungaria, iar de acolo mai departe c\u0103tre destina\u0163ia final\u0103, Germania.<\/p>\n<p style=\"text-align: justify;\">Mai mul\u0163i suspec\u0163i urmeaz\u0103 s\u0103 fie ridica\u0163i \u015fi vor fi du\u015fi la audieri la sediul DIICOT Timi\u015foara.<\/p>\n","protected":false},"excerpt":{"rendered":"<p>Zeci de perchezi\u0163ii au loc ast\u0103zi, miercuri, 7 martie 2018, \u00een<\/p>\n","protected":false},"author":1,"featured_media":0,"comment_status":"open","ping_status":"open","sticky":false,"template":"","format":"standard","meta":{"footnotes":""},"categories":[6],"tags":[],"class_list":["post-50407","post","type-post","status-publish","format-standard","hentry","category-breaking-news"],"_links":{"self":[{"href":"https:\/\/www.giurgiuveanul.ro\/stiri\/wp-json\/wp\/v2\/posts\/50407","targetHints":{"allow":["GET"]}}],"collection":[{"href":"https:\/\/www.giurgiuveanul.ro\/stiri\/wp-json\/wp\/v2\/posts"}],"about":[{"href":"https:\/\/www.giurgiuveanul.ro\/stiri\/wp-json\/wp\/v2\/types\/post"}],"author":[{"embeddable":true,"href":"https:\/\/www.giurgiuveanul.ro\/stiri\/wp-json\/wp\/v2\/users\/1"}],"replies":[{"embeddable":true,"href":"https:\/\/www.giurgiuveanul.ro\/stiri\/wp-json\/wp\/v2\/comments?post=50407"}],"version-history":[{"count":0,"href":"https:\/\/www.giurgiuveanul.ro\/stiri\/wp-json\/wp\/v2\/posts\/50407\/revisions"}],"wp:attachment":[{"href":"https:\/\/www.giurgiuveanul.ro\/stiri\/wp-json\/wp\/v2\/media?parent=50407"}],"wp:term":[{"taxonomy":"category","embeddable":true,"href":"https:\/\/www.giurgiuveanul.ro\/stiri\/wp-json\/wp\/v2\/categories?post=50407"},{"taxonomy":"post_tag","embeddable":true,"href":"https:\/\/www.giurgiuveanul.ro\/stiri\/wp-json\/wp\/v2\/tags?post=50407"}],"curies":[{"name":"wp","href":"https:\/\/api.w.org\/{rel}","templated":true}]}}