{"id":50417,"date":"2018-03-08T10:43:11","date_gmt":"2018-03-08T08:43:11","guid":{"rendered":"https:\/\/www.giurgiuveanul.ro\/stiri\/?p=50417"},"modified":"2018-03-08T10:43:11","modified_gmt":"2018-03-08T08:43:11","slug":"de-ziua-femeii-politistele-din-giurgiu-rasfatate-de-conducerea-inspectoratului-de-politie-judetean-foto","status":"publish","type":"post","link":"https:\/\/www.giurgiuveanul.ro\/stiri\/de-ziua-femeii-politistele-din-giurgiu-rasfatate-de-conducerea-inspectoratului-de-politie-judetean-foto\/","title":{"rendered":"De \u201cZiua Femeii\u201d, poli\u0163istele din Giurgiu, \u201cr\u0103sf\u0103\u0163ate\u201d de conducerea Inspectoratului de Poli\u0163ie Jude\u0163ean! (FOTO)"},"content":{"rendered":"<p style=\"text-align: justify;\"><a href=\"https:\/\/www.giurgiuveanul.ro\/stiri\/wp-content\/uploads\/2018\/03\/28619402_776741582525876_7979680298264881350_o.jpg\"><img loading=\"lazy\" decoding=\"async\" class=\"aligncenter size-large wp-image-50418\" src=\"https:\/\/www.giurgiuveanul.ro\/stiri\/wp-content\/uploads\/2018\/03\/28619402_776741582525876_7979680298264881350_o-560x413.jpg\" alt=\"28619402_776741582525876_7979680298264881350_o\" width=\"560\" height=\"413\" srcset=\"https:\/\/www.giurgiuveanul.ro\/stiri\/wp-content\/uploads\/2018\/03\/28619402_776741582525876_7979680298264881350_o-560x413.jpg 560w, https:\/\/www.giurgiuveanul.ro\/stiri\/wp-content\/uploads\/2018\/03\/28619402_776741582525876_7979680298264881350_o-250x185.jpg 250w, https:\/\/www.giurgiuveanul.ro\/stiri\/wp-content\/uploads\/2018\/03\/28619402_776741582525876_7979680298264881350_o-400x295.jpg 400w, https:\/\/www.giurgiuveanul.ro\/stiri\/wp-content\/uploads\/2018\/03\/28619402_776741582525876_7979680298264881350_o.jpg 2048w\" sizes=\"auto, (max-width: 560px) 100vw, 560px\" \/><\/a>De \u201cZiua Femeii\u201d, poli\u0163istele din Giurgiu au <!--more-->uitat de serviciu \u015fi de uniform\u0103. Cu o zi \u00eenainte de a le da liber, inspectorul \u015fef al IPJ Giurgiu, comisar \u015fef C\u0103t\u0103lin \u0162one, le-a invitat la restaurantul \u201cDana V\u201d.<\/p>\n<p style=\"text-align: justify;\">Atmosfera a fost \u00eentre\u021binut\u0103 de doi oaspe\u0163i speciali: <strong>Doru Todoru\u0163<\/strong> (DeepCentral) \u015fi soprana <strong>Ioana Irina Baian\u0163<\/strong>.<\/p>\n<p style=\"text-align: justify;\"><a href=\"https:\/\/www.giurgiuveanul.ro\/stiri\/wp-content\/uploads\/2018\/03\/28661077_776741975859170_2840921586355634883_n.jpg\"><img loading=\"lazy\" decoding=\"async\" class=\"aligncenter size-large wp-image-50419\" src=\"https:\/\/www.giurgiuveanul.ro\/stiri\/wp-content\/uploads\/2018\/03\/28661077_776741975859170_2840921586355634883_n-495x450.jpg\" alt=\"28661077_776741975859170_2840921586355634883_n\" width=\"495\" height=\"450\" srcset=\"https:\/\/www.giurgiuveanul.ro\/stiri\/wp-content\/uploads\/2018\/03\/28661077_776741975859170_2840921586355634883_n-495x450.jpg 495w, https:\/\/www.giurgiuveanul.ro\/stiri\/wp-content\/uploads\/2018\/03\/28661077_776741975859170_2840921586355634883_n-250x227.jpg 250w, https:\/\/www.giurgiuveanul.ro\/stiri\/wp-content\/uploads\/2018\/03\/28661077_776741975859170_2840921586355634883_n-400x363.jpg 400w, https:\/\/www.giurgiuveanul.ro\/stiri\/wp-content\/uploads\/2018\/03\/28661077_776741975859170_2840921586355634883_n.jpg 960w\" sizes=\"auto, (max-width: 495px) 100vw, 495px\" \/><\/a><\/p>\n<p style=\"text-align: justify;\"><a href=\"https:\/\/www.giurgiuveanul.ro\/stiri\/wp-content\/uploads\/2018\/03\/28782628_776742079192493_898460137116640844_n.jpg\"><img loading=\"lazy\" decoding=\"async\" class=\"aligncenter size-large wp-image-50420\" src=\"https:\/\/www.giurgiuveanul.ro\/stiri\/wp-content\/uploads\/2018\/03\/28782628_776742079192493_898460137116640844_n-204x450.jpg\" alt=\"28782628_776742079192493_898460137116640844_n\" width=\"204\" height=\"450\" srcset=\"https:\/\/www.giurgiuveanul.ro\/stiri\/wp-content\/uploads\/2018\/03\/28782628_776742079192493_898460137116640844_n-204x450.jpg 204w, https:\/\/www.giurgiuveanul.ro\/stiri\/wp-content\/uploads\/2018\/03\/28782628_776742079192493_898460137116640844_n-136x300.jpg 136w, https:\/\/www.giurgiuveanul.ro\/stiri\/wp-content\/uploads\/2018\/03\/28782628_776742079192493_898460137116640844_n.jpg 436w\" sizes=\"auto, (max-width: 204px) 100vw, 204px\" \/><\/a><\/p>\n<p style=\"text-align: justify;\"><a href=\"https:\/\/www.giurgiuveanul.ro\/stiri\/wp-content\/uploads\/2018\/03\/28827611_776742149192486_4861954282492449222_o.jpg\"><img loading=\"lazy\" decoding=\"async\" class=\"aligncenter size-large wp-image-50421\" src=\"https:\/\/www.giurgiuveanul.ro\/stiri\/wp-content\/uploads\/2018\/03\/28827611_776742149192486_4861954282492449222_o-560x415.jpg\" alt=\"28827611_776742149192486_4861954282492449222_o\" width=\"560\" height=\"415\" srcset=\"https:\/\/www.giurgiuveanul.ro\/stiri\/wp-content\/uploads\/2018\/03\/28827611_776742149192486_4861954282492449222_o-560x415.jpg 560w, https:\/\/www.giurgiuveanul.ro\/stiri\/wp-content\/uploads\/2018\/03\/28827611_776742149192486_4861954282492449222_o-250x185.jpg 250w, https:\/\/www.giurgiuveanul.ro\/stiri\/wp-content\/uploads\/2018\/03\/28827611_776742149192486_4861954282492449222_o-400x296.jpg 400w, https:\/\/www.giurgiuveanul.ro\/stiri\/wp-content\/uploads\/2018\/03\/28827611_776742149192486_4861954282492449222_o.jpg 2048w\" sizes=\"auto, (max-width: 560px) 100vw, 560px\" \/><\/a><\/p>\n<p style=\"text-align: justify;\">La eveniment a participat \u015fi prefectul jude\u0163ului Giurgiu, Carmen Nina Cri\u015fu.<\/p>\n<p style=\"text-align: justify;\"><a href=\"https:\/\/www.giurgiuveanul.ro\/stiri\/wp-content\/uploads\/2018\/03\/28783436_776741999192501_6037334509488513003_n.jpg\"><img loading=\"lazy\" decoding=\"async\" class=\"aligncenter size-large wp-image-50422\" src=\"https:\/\/www.giurgiuveanul.ro\/stiri\/wp-content\/uploads\/2018\/03\/28783436_776741999192501_6037334509488513003_n-560x438.jpg\" alt=\"28783436_776741999192501_6037334509488513003_n\" width=\"560\" height=\"438\" srcset=\"https:\/\/www.giurgiuveanul.ro\/stiri\/wp-content\/uploads\/2018\/03\/28783436_776741999192501_6037334509488513003_n-560x438.jpg 560w, https:\/\/www.giurgiuveanul.ro\/stiri\/wp-content\/uploads\/2018\/03\/28783436_776741999192501_6037334509488513003_n-250x196.jpg 250w, https:\/\/www.giurgiuveanul.ro\/stiri\/wp-content\/uploads\/2018\/03\/28783436_776741999192501_6037334509488513003_n-400x313.jpg 400w, https:\/\/www.giurgiuveanul.ro\/stiri\/wp-content\/uploads\/2018\/03\/28783436_776741999192501_6037334509488513003_n.jpg 960w\" sizes=\"auto, (max-width: 560px) 100vw, 560px\" \/><\/a><\/p>\n<p style=\"text-align: justify;\">\n<p style=\"text-align: justify;\"><a href=\"https:\/\/www.giurgiuveanul.ro\/stiri\/wp-content\/uploads\/2018\/03\/28619314_776744389192262_2004473963626659005_o.jpg\"><img loading=\"lazy\" decoding=\"async\" class=\"aligncenter size-large wp-image-50423\" src=\"https:\/\/www.giurgiuveanul.ro\/stiri\/wp-content\/uploads\/2018\/03\/28619314_776744389192262_2004473963626659005_o-560x287.jpg\" alt=\"28619314_776744389192262_2004473963626659005_o\" width=\"560\" height=\"287\" srcset=\"https:\/\/www.giurgiuveanul.ro\/stiri\/wp-content\/uploads\/2018\/03\/28619314_776744389192262_2004473963626659005_o-560x287.jpg 560w, https:\/\/www.giurgiuveanul.ro\/stiri\/wp-content\/uploads\/2018\/03\/28619314_776744389192262_2004473963626659005_o-250x128.jpg 250w, https:\/\/www.giurgiuveanul.ro\/stiri\/wp-content\/uploads\/2018\/03\/28619314_776744389192262_2004473963626659005_o-400x205.jpg 400w, https:\/\/www.giurgiuveanul.ro\/stiri\/wp-content\/uploads\/2018\/03\/28619314_776744389192262_2004473963626659005_o.jpg 2048w\" sizes=\"auto, (max-width: 560px) 100vw, 560px\" \/><\/a><\/p>\n<p style=\"text-align: justify;\">Participantele la petrecere s-au bucurat de un meniu bogat de bucate alese \u0219i b\u0103uturi fine.<\/p>\n<p style=\"text-align: justify;\"><em>\u201cAm dorit s\u0103 aducem un moment de bucurie \u0219i de veselie \u00een via\u021ba fiec\u0103rei doamne \u0219i domni\u0219oare din cadrul Inspectoratului. De 8 Martie, le urez tot ce e mai bun \u0219i mai frumos \u00een aceast\u0103 prim\u0103var\u0103\u201c,<\/em> a transmis comisarul \u015fef C\u0103t\u0103lin \u0162one.<\/p>\n<p style=\"text-align: justify;\">\n","protected":false},"excerpt":{"rendered":"<p>De \u201cZiua Femeii\u201d, poli\u0163istele din Giurgiu au<\/p>\n","protected":false},"author":1,"featured_media":0,"comment_status":"open","ping_status":"open","sticky":false,"template":"","format":"standard","meta":{"footnotes":""},"categories":[6],"tags":[],"class_list":["post-50417","post","type-post","status-publish","format-standard","hentry","category-breaking-news"],"_links":{"self":[{"href":"https:\/\/www.giurgiuveanul.ro\/stiri\/wp-json\/wp\/v2\/posts\/50417","targetHints":{"allow":["GET"]}}],"collection":[{"href":"https:\/\/www.giurgiuveanul.ro\/stiri\/wp-json\/wp\/v2\/posts"}],"about":[{"href":"https:\/\/www.giurgiuveanul.ro\/stiri\/wp-json\/wp\/v2\/types\/post"}],"author":[{"embeddable":true,"href":"https:\/\/www.giurgiuveanul.ro\/stiri\/wp-json\/wp\/v2\/users\/1"}],"replies":[{"embeddable":true,"href":"https:\/\/www.giurgiuveanul.ro\/stiri\/wp-json\/wp\/v2\/comments?post=50417"}],"version-history":[{"count":0,"href":"https:\/\/www.giurgiuveanul.ro\/stiri\/wp-json\/wp\/v2\/posts\/50417\/revisions"}],"wp:attachment":[{"href":"https:\/\/www.giurgiuveanul.ro\/stiri\/wp-json\/wp\/v2\/media?parent=50417"}],"wp:term":[{"taxonomy":"category","embeddable":true,"href":"https:\/\/www.giurgiuveanul.ro\/stiri\/wp-json\/wp\/v2\/categories?post=50417"},{"taxonomy":"post_tag","embeddable":true,"href":"https:\/\/www.giurgiuveanul.ro\/stiri\/wp-json\/wp\/v2\/tags?post=50417"}],"curies":[{"name":"wp","href":"https:\/\/api.w.org\/{rel}","templated":true}]}}