{"id":50466,"date":"2018-03-09T13:24:03","date_gmt":"2018-03-09T11:24:03","guid":{"rendered":"https:\/\/www.giurgiuveanul.ro\/stiri\/?p=50466"},"modified":"2018-03-09T13:24:03","modified_gmt":"2018-03-09T11:24:03","slug":"inca-brand-de-renume-international-deschide-magazin-la-giurgiu","status":"publish","type":"post","link":"https:\/\/www.giurgiuveanul.ro\/stiri\/inca-brand-de-renume-international-deschide-magazin-la-giurgiu\/","title":{"rendered":"\u00cenc\u0103 un brand de renume interna\u0163ional deschide magazin la Giurgiu!"},"content":{"rendered":"<p style=\"text-align: justify;\"><strong><a href=\"https:\/\/www.giurgiuveanul.ro\/stiri\/wp-content\/uploads\/2018\/03\/IMG_8118.jpg\"><img loading=\"lazy\" decoding=\"async\" class=\"aligncenter size-large wp-image-50467\" src=\"https:\/\/www.giurgiuveanul.ro\/stiri\/wp-content\/uploads\/2018\/03\/IMG_8118-560x433.jpg\" alt=\"IMG_8118\" width=\"560\" height=\"433\" srcset=\"https:\/\/www.giurgiuveanul.ro\/stiri\/wp-content\/uploads\/2018\/03\/IMG_8118-560x433.jpg 560w, https:\/\/www.giurgiuveanul.ro\/stiri\/wp-content\/uploads\/2018\/03\/IMG_8118-250x193.jpg 250w, https:\/\/www.giurgiuveanul.ro\/stiri\/wp-content\/uploads\/2018\/03\/IMG_8118-400x309.jpg 400w, https:\/\/www.giurgiuveanul.ro\/stiri\/wp-content\/uploads\/2018\/03\/IMG_8118.jpg 800w\" sizes=\"auto, (max-width: 560px) 100vw, 560px\" \/><\/a>Unul dintre cei mai mari retaileri de <!--more-->mobil\u0103, decora\u021biuni \u0219i textile pentru cas\u0103 din Europa, JYSK Rom\u00e2nia, parte a grupului scandinav JYSK Nordic, amenajeaz\u0103 un magazin la Giurgiu.<\/strong><\/p>\n<p style=\"text-align: justify;\">Magazinul JYSK din Giurgiu va func\u0163iona \u00een noul complex comercial de l\u00e2ng\u0103 Lidl.<\/p>\n<p style=\"text-align: justify;\">De\u021binut de danezul Lars Larsen, JYSK a inaugurat primul magazin pe data de 2 aprilie 1979 \u00een Danemarca, \u00een ora\u0219ul Aarhus, al doilea cel mai mare din \u021bar\u0103. Cinci ani mai t\u00e2rziu, compania s-a extins dincolo de grani\u021bele \u021b\u0103rii odat\u0103 cu deschiderea unui magazin \u00een Germania. \u00cen luna aprilie 2017, grupul danez a aniversat 38 de ani de existen\u021b\u0103, momentul fiind marcat printr-o campanie special\u0103 \u00een toate \u021b\u0103rile \u00een care exist\u0103 magazine JYSK.<\/p>\n<p style=\"text-align: justify;\">Retailerul danez de mobil\u0103 \u0219i decora\u021biuni interioare comercializeaz\u0103 o gam\u0103 variat\u0103 de produse pentru cas\u0103 \u0219i gr\u0103din\u0103 la o calitate ridicat\u0103 \u0219i la cel mai redus pre\u021b. Sub deviza &#8222;Sleeping and Living&#8221;, magazinele JYSK ofer\u0103 tot ce este necesar \u00een cas\u0103 pentru via\u021ba de zi cu zi, de la mobilier de interior \u0219i de gr\u0103din\u0103, p\u00e2n\u0103 la lenjerii de pat, perne, obiecte decorative \u0219i de iluminat.<\/p>\n<p style=\"text-align: justify;\">JYSK a intrat pe pia\u021ba din Rom\u00e2nia \u00een 2007, odat\u0103 cu inaugurarea primului magazin la Oradea. Re\u021beaua are, \u00een present, magazine, \u00een ora\u0219e precum Bucure\u0219ti, Arad, Baia Mare, Craiova, Constan\u021ba, Cluj, Deva, Gala\u021bi, Oradea, Pite\u0219ti, Satu Mare, Vaslui, Suceava, T\u00e2rgu-Mure\u0219, Timi\u0219oara, Alexandria, R\u00e2mnicu V\u00e2lcea, Sibiu, T\u00e2rgu Jiu, Bac\u0103u, Boto\u0219ani, Foc\u0219ani, Piatra Neam\u021b, Hunedoara, Bal\u0219.<\/p>\n<p style=\"text-align: justify;\">Abrevierea JYSK este un derivat de la denumirea peninsulei Iutlandia \u0219i semnific\u0103 \u00een limba danez\u0103 calit\u0103\u021bi precum simplitatea, onestitatea \u0219i con\u0219tiinciozitatea.<\/p>\n","protected":false},"excerpt":{"rendered":"<p>Unul dintre cei mai mari retaileri de<\/p>\n","protected":false},"author":1,"featured_media":0,"comment_status":"open","ping_status":"open","sticky":false,"template":"","format":"standard","meta":{"footnotes":""},"categories":[6],"tags":[],"class_list":["post-50466","post","type-post","status-publish","format-standard","hentry","category-breaking-news"],"_links":{"self":[{"href":"https:\/\/www.giurgiuveanul.ro\/stiri\/wp-json\/wp\/v2\/posts\/50466","targetHints":{"allow":["GET"]}}],"collection":[{"href":"https:\/\/www.giurgiuveanul.ro\/stiri\/wp-json\/wp\/v2\/posts"}],"about":[{"href":"https:\/\/www.giurgiuveanul.ro\/stiri\/wp-json\/wp\/v2\/types\/post"}],"author":[{"embeddable":true,"href":"https:\/\/www.giurgiuveanul.ro\/stiri\/wp-json\/wp\/v2\/users\/1"}],"replies":[{"embeddable":true,"href":"https:\/\/www.giurgiuveanul.ro\/stiri\/wp-json\/wp\/v2\/comments?post=50466"}],"version-history":[{"count":0,"href":"https:\/\/www.giurgiuveanul.ro\/stiri\/wp-json\/wp\/v2\/posts\/50466\/revisions"}],"wp:attachment":[{"href":"https:\/\/www.giurgiuveanul.ro\/stiri\/wp-json\/wp\/v2\/media?parent=50466"}],"wp:term":[{"taxonomy":"category","embeddable":true,"href":"https:\/\/www.giurgiuveanul.ro\/stiri\/wp-json\/wp\/v2\/categories?post=50466"},{"taxonomy":"post_tag","embeddable":true,"href":"https:\/\/www.giurgiuveanul.ro\/stiri\/wp-json\/wp\/v2\/tags?post=50466"}],"curies":[{"name":"wp","href":"https:\/\/api.w.org\/{rel}","templated":true}]}}