{"id":50524,"date":"2018-03-10T12:33:51","date_gmt":"2018-03-10T10:33:51","guid":{"rendered":"https:\/\/www.giurgiuveanul.ro\/stiri\/?p=50524"},"modified":"2018-03-10T12:33:51","modified_gmt":"2018-03-10T10:33:51","slug":"inundatiile-fac-ravagii-in-judet-sunt-case-afectate-si-terenuri-agricole-ape-foto","status":"publish","type":"post","link":"https:\/\/www.giurgiuveanul.ro\/stiri\/inundatiile-fac-ravagii-in-judet-sunt-case-afectate-si-terenuri-agricole-ape-foto\/","title":{"rendered":"Inunda\u021biile fac ravagii \u00een jude\u021b. Sunt case afectate \u0219i terenuri agricole sub ape (FOTO)"},"content":{"rendered":"<p style=\"text-align: justify;\"><strong><a href=\"https:\/\/www.giurgiuveanul.ro\/stiri\/wp-content\/uploads\/2018\/03\/IMG_20180309_120258.jpg\"><img loading=\"lazy\" decoding=\"async\" class=\"aligncenter size-large wp-image-50525\" src=\"https:\/\/www.giurgiuveanul.ro\/stiri\/wp-content\/uploads\/2018\/03\/IMG_20180309_120258-452x450.jpg\" alt=\"dig\" width=\"452\" height=\"450\" srcset=\"https:\/\/www.giurgiuveanul.ro\/stiri\/wp-content\/uploads\/2018\/03\/IMG_20180309_120258-452x450.jpg 452w, https:\/\/www.giurgiuveanul.ro\/stiri\/wp-content\/uploads\/2018\/03\/IMG_20180309_120258-250x249.jpg 250w, https:\/\/www.giurgiuveanul.ro\/stiri\/wp-content\/uploads\/2018\/03\/IMG_20180309_120258-200x200.jpg 200w, https:\/\/www.giurgiuveanul.ro\/stiri\/wp-content\/uploads\/2018\/03\/IMG_20180309_120258-400x399.jpg 400w, https:\/\/www.giurgiuveanul.ro\/stiri\/wp-content\/uploads\/2018\/03\/IMG_20180309_120258.jpg 800w\" sizes=\"auto, (max-width: 452px) 100vw, 452px\" \/><\/a>Cre\u015fterea brusc\u0103 a temperaturilor din ultimele zile a dus la topirea z\u0103pezii si la <!--more-->cre\u0219terea debitelor r\u00e2urilor. \u0218i localitatea C\u0103lug\u0103reni din jude\u021bul Giurgiu a fost lovit\u0103 de inunda\u021bii. Z\u0103pada dintr-o vale s-a topit brusc iar mai multe case din zon\u0103 au fost \u00eenconjurate de ape.<\/strong><\/p>\n<p style=\"text-align: justify;\">Pompierii actioneaz\u0103 \u00eenc\u0103 de noaptea trecut\u0103 cu o motopomp\u0103 de mare capacitate pentru a putea extrage apa din zona afectat\u0103.<\/p>\n<p style=\"text-align: justify;\"><a href=\"https:\/\/www.giurgiuveanul.ro\/stiri\/wp-content\/uploads\/2018\/03\/IMG_20180309_115602.jpg\"><img loading=\"lazy\" decoding=\"async\" class=\"aligncenter size-large wp-image-50526\" src=\"https:\/\/www.giurgiuveanul.ro\/stiri\/wp-content\/uploads\/2018\/03\/IMG_20180309_115602-338x450.jpg\" alt=\"dig\" width=\"338\" height=\"450\" srcset=\"https:\/\/www.giurgiuveanul.ro\/stiri\/wp-content\/uploads\/2018\/03\/IMG_20180309_115602-338x450.jpg 338w, https:\/\/www.giurgiuveanul.ro\/stiri\/wp-content\/uploads\/2018\/03\/IMG_20180309_115602-225x300.jpg 225w, https:\/\/www.giurgiuveanul.ro\/stiri\/wp-content\/uploads\/2018\/03\/IMG_20180309_115602-400x533.jpg 400w, https:\/\/www.giurgiuveanul.ro\/stiri\/wp-content\/uploads\/2018\/03\/IMG_20180309_115602.jpg 600w\" sizes=\"auto, (max-width: 338px) 100vw, 338px\" \/><\/a><\/p>\n<p style=\"text-align: justify;\">Dumitru V\u00e2lceanu, \u0219eful Deta\u0219amentului de Pompieri Giurgiu, sus\u021bine c\u0103 trei case au fost afectate din cauza acumul\u0103rii apei \u00eentr-o zon\u0103 mai joas\u0103 din localitate \u0219i c\u0103 este posibil ca ac\u021biunea de evacuare a apei s\u0103 dureze \u0219i cinci zile, av\u00e2nd \u00een vedere\u00a0 cantitatea de ap\u0103 acumulat\u0103.<\/p>\n<p style=\"text-align: justify;\"><a href=\"https:\/\/www.giurgiuveanul.ro\/stiri\/wp-content\/uploads\/2018\/03\/IMG_20180309_115903.jpg\"><img loading=\"lazy\" decoding=\"async\" class=\"aligncenter size-large wp-image-50527\" src=\"https:\/\/www.giurgiuveanul.ro\/stiri\/wp-content\/uploads\/2018\/03\/IMG_20180309_115903-383x450.jpg\" alt=\"sdr\" width=\"383\" height=\"450\" srcset=\"https:\/\/www.giurgiuveanul.ro\/stiri\/wp-content\/uploads\/2018\/03\/IMG_20180309_115903-383x450.jpg 383w, https:\/\/www.giurgiuveanul.ro\/stiri\/wp-content\/uploads\/2018\/03\/IMG_20180309_115903-250x294.jpg 250w, https:\/\/www.giurgiuveanul.ro\/stiri\/wp-content\/uploads\/2018\/03\/IMG_20180309_115903-400x470.jpg 400w, https:\/\/www.giurgiuveanul.ro\/stiri\/wp-content\/uploads\/2018\/03\/IMG_20180309_115903.jpg 681w\" sizes=\"auto, (max-width: 383px) 100vw, 383px\" \/><\/a><\/p>\n<p style=\"text-align: justify;\"><a href=\"https:\/\/www.giurgiuveanul.ro\/stiri\/wp-content\/uploads\/2018\/03\/IMG_20180309_120246.jpg\"><img loading=\"lazy\" decoding=\"async\" class=\"aligncenter size-large wp-image-50528\" src=\"https:\/\/www.giurgiuveanul.ro\/stiri\/wp-content\/uploads\/2018\/03\/IMG_20180309_120246-352x450.jpg\" alt=\"dig\" width=\"352\" height=\"450\" srcset=\"https:\/\/www.giurgiuveanul.ro\/stiri\/wp-content\/uploads\/2018\/03\/IMG_20180309_120246-352x450.jpg 352w, https:\/\/www.giurgiuveanul.ro\/stiri\/wp-content\/uploads\/2018\/03\/IMG_20180309_120246-235x300.jpg 235w, https:\/\/www.giurgiuveanul.ro\/stiri\/wp-content\/uploads\/2018\/03\/IMG_20180309_120246-400x511.jpg 400w, https:\/\/www.giurgiuveanul.ro\/stiri\/wp-content\/uploads\/2018\/03\/IMG_20180309_120246.jpg 626w\" sizes=\"auto, (max-width: 352px) 100vw, 352px\" \/><\/a><\/p>\n<p style=\"text-align: justify;\"><a href=\"https:\/\/www.giurgiuveanul.ro\/stiri\/wp-content\/uploads\/2018\/03\/IMG_20180309_114926.jpg\"><img loading=\"lazy\" decoding=\"async\" class=\"aligncenter size-large wp-image-50529\" src=\"https:\/\/www.giurgiuveanul.ro\/stiri\/wp-content\/uploads\/2018\/03\/IMG_20180309_114926-523x450.jpg\" alt=\"dav\" width=\"523\" height=\"450\" srcset=\"https:\/\/www.giurgiuveanul.ro\/stiri\/wp-content\/uploads\/2018\/03\/IMG_20180309_114926-523x450.jpg 523w, https:\/\/www.giurgiuveanul.ro\/stiri\/wp-content\/uploads\/2018\/03\/IMG_20180309_114926-250x215.jpg 250w, https:\/\/www.giurgiuveanul.ro\/stiri\/wp-content\/uploads\/2018\/03\/IMG_20180309_114926-400x344.jpg 400w, https:\/\/www.giurgiuveanul.ro\/stiri\/wp-content\/uploads\/2018\/03\/IMG_20180309_114926.jpg 800w\" sizes=\"auto, (max-width: 523px) 100vw, 523px\" \/><\/a><\/p>\n<p style=\"text-align: justify;\">Dou\u0103 drumuri jude\u021bene, un drum comunal, dou\u0103 poduri dar \u0219i mii de hectare de teren arabil au fost afectate de inunda\u021bii \u00een judetul Giurgiu. DJ 412 C (zona Goleasca), DC 191 (Vadu Lat &#8211; Anghele\u0219ti), DJ 503 A &#8211; \u00eentre R\u0103suceni \u0219i R\u0103sucenii de Sus, au fost pe anumite por\u021biuni acoperite de ape fiind temporar \u00eenchise.<\/p>\n<p style=\"text-align: justify;\">Apele rev\u0103rsate ale r\u00e2urilor C\u0103lni\u0219tea \u0219i D\u00e2mbovnic au inundat sute de hectare de p\u0103\u0219une, \u0219ase anexe gospod\u0103resti \u0219i 12 f\u00e2nt\u00e2ni. Localit\u0103\u021bile cu cele mai mari probleme create de rev\u0103rsarea apelor sunt Buc\u0219ani, Crevedia \u0219i R\u0103suceni. Autoritatile sunt in alerta, iar pompierii si jandarmii sunt pregatiti sa construiasc\u0103 poduri din saci de nisip daca situatia o va impune.<\/p>\n","protected":false},"excerpt":{"rendered":"<p>Cre\u015fterea brusc\u0103 a temperaturilor din ultimele zile a dus la topirea z\u0103pezii si la<\/p>\n","protected":false},"author":1,"featured_media":0,"comment_status":"open","ping_status":"open","sticky":false,"template":"","format":"standard","meta":{"footnotes":""},"categories":[6],"tags":[],"class_list":["post-50524","post","type-post","status-publish","format-standard","hentry","category-breaking-news"],"_links":{"self":[{"href":"https:\/\/www.giurgiuveanul.ro\/stiri\/wp-json\/wp\/v2\/posts\/50524","targetHints":{"allow":["GET"]}}],"collection":[{"href":"https:\/\/www.giurgiuveanul.ro\/stiri\/wp-json\/wp\/v2\/posts"}],"about":[{"href":"https:\/\/www.giurgiuveanul.ro\/stiri\/wp-json\/wp\/v2\/types\/post"}],"author":[{"embeddable":true,"href":"https:\/\/www.giurgiuveanul.ro\/stiri\/wp-json\/wp\/v2\/users\/1"}],"replies":[{"embeddable":true,"href":"https:\/\/www.giurgiuveanul.ro\/stiri\/wp-json\/wp\/v2\/comments?post=50524"}],"version-history":[{"count":0,"href":"https:\/\/www.giurgiuveanul.ro\/stiri\/wp-json\/wp\/v2\/posts\/50524\/revisions"}],"wp:attachment":[{"href":"https:\/\/www.giurgiuveanul.ro\/stiri\/wp-json\/wp\/v2\/media?parent=50524"}],"wp:term":[{"taxonomy":"category","embeddable":true,"href":"https:\/\/www.giurgiuveanul.ro\/stiri\/wp-json\/wp\/v2\/categories?post=50524"},{"taxonomy":"post_tag","embeddable":true,"href":"https:\/\/www.giurgiuveanul.ro\/stiri\/wp-json\/wp\/v2\/tags?post=50524"}],"curies":[{"name":"wp","href":"https:\/\/api.w.org\/{rel}","templated":true}]}}