{"id":50570,"date":"2018-03-11T12:50:56","date_gmt":"2018-03-11T10:50:56","guid":{"rendered":"https:\/\/www.giurgiuveanul.ro\/stiri\/?p=50570"},"modified":"2018-03-11T12:50:56","modified_gmt":"2018-03-11T10:50:56","slug":"bilantul-inundatiilor-in-judetul-giurgiu-drumuri-judetene-gospodarii-si-terenuri-agricole-afectate","status":"publish","type":"post","link":"https:\/\/www.giurgiuveanul.ro\/stiri\/bilantul-inundatiilor-in-judetul-giurgiu-drumuri-judetene-gospodarii-si-terenuri-agricole-afectate\/","title":{"rendered":"Bilan\u021bul inunda\u021biilor \u00een jude\u021bul Giurgiu: drumuri jude\u021bene, gospod\u0103rii \u0219i terenuri agricole afectate"},"content":{"rendered":"<p style=\"text-align: justify;\"><strong><a href=\"https:\/\/www.giurgiuveanul.ro\/stiri\/wp-content\/uploads\/2018\/03\/IMG_20180309_115602.jpg\"><img loading=\"lazy\" decoding=\"async\" class=\"aligncenter size-large wp-image-50526\" src=\"https:\/\/www.giurgiuveanul.ro\/stiri\/wp-content\/uploads\/2018\/03\/IMG_20180309_115602-338x450.jpg\" alt=\"dig\" width=\"338\" height=\"450\" srcset=\"https:\/\/www.giurgiuveanul.ro\/stiri\/wp-content\/uploads\/2018\/03\/IMG_20180309_115602-338x450.jpg 338w, https:\/\/www.giurgiuveanul.ro\/stiri\/wp-content\/uploads\/2018\/03\/IMG_20180309_115602-225x300.jpg 225w, https:\/\/www.giurgiuveanul.ro\/stiri\/wp-content\/uploads\/2018\/03\/IMG_20180309_115602-400x533.jpg 400w, https:\/\/www.giurgiuveanul.ro\/stiri\/wp-content\/uploads\/2018\/03\/IMG_20180309_115602.jpg 600w\" sizes=\"auto, (max-width: 338px) 100vw, 338px\" \/><\/a>Dou\u0103 drumuri jude\u021bene, <!--more-->DJ 412 C \u0219i DJ 503 A, sunt \u00eenchise temporar circula\u021biei din cauza\u00a0 rev\u0103rs\u0103rii r\u00e2urilor \u0219i topirii z\u0103pezii, \u00een jude\u021bul Giurgiu. Este vorba de un pod provizoriu dintre dintre localit\u0103\u021bile Goleasca \u0219i Uie\u0219ti \u0219i o por\u021biune de circa 0, 5 km din drumul care leag\u0103 R\u0103suceni de R\u0103sucenii de Sus.<\/strong><\/p>\n<p style=\"text-align: justify;\">\u0218ase anexe gospod\u0103re\u0219ti din localitatea R\u0103suceni sunt \u00een continuare afectate de inunda\u021bii. 2620 hectare teren agricol, 20 hectare teren agricol \u00eens\u0103m\u00e2n\u021bat,\u00a0 200 hectare p\u0103\u0219une \u0219i dou\u0103 poduri din trei localit\u0103\u021bi sunt \u00een continuare sub ape.<\/p>\n<p style=\"text-align: justify;\">\u00cen jude\u021bul Giurgiu au fost afectate de inunda\u021bii comunele Buc\u0219ani, Crevedia Mare \u0219i R\u0103suceni.<\/p>\n<p style=\"text-align: justify;\">Pompierii militari ac\u021bioneaz\u0103\u00a0 \u00eenc\u0103 de joi noaptea \u00a0cu o motopomp\u0103 de mare capacitate \u00een localitatea C\u0103lug\u0103reni, unde apa provenit\u0103 din topirea z\u0103pezii a dus la formarea unei b\u0103l\u021bi pe o lungime de c\u00e2\u021biva kilomeri, aceasta inund\u00e2nd trei gospod\u0103rii .\u00cen momentul de fa\u021b\u0103 mai este afectat\u0103 o singur\u0103 gospod\u0103rie.<\/p>\n<p style=\"text-align: justify;\">Nivelurile \u0219i debitele sunt \u00een sc\u0103dere pe r\u00e2urile Neajlov \u0219i D\u00e2mbovnic amonte de sta\u021bia hidrometric\u0103 Vadu Lat \u0219i \u00een cre\u0219tere \u00een aval. Astfel, s-a \u00eenregistrat dep\u0103\u0219irea cotelor de inunda\u021bie pe r\u00e2ul Neajlov \u2013 sec\u021biunea C\u0103lug\u0103reni \u0219i pe r\u00e2ul Glavacioc &#8211; sec\u021biunea Crovu.<\/p>\n","protected":false},"excerpt":{"rendered":"<p>Dou\u0103 drumuri jude\u021bene,<\/p>\n","protected":false},"author":1,"featured_media":0,"comment_status":"open","ping_status":"open","sticky":false,"template":"","format":"standard","meta":{"footnotes":""},"categories":[6],"tags":[],"class_list":["post-50570","post","type-post","status-publish","format-standard","hentry","category-breaking-news"],"_links":{"self":[{"href":"https:\/\/www.giurgiuveanul.ro\/stiri\/wp-json\/wp\/v2\/posts\/50570","targetHints":{"allow":["GET"]}}],"collection":[{"href":"https:\/\/www.giurgiuveanul.ro\/stiri\/wp-json\/wp\/v2\/posts"}],"about":[{"href":"https:\/\/www.giurgiuveanul.ro\/stiri\/wp-json\/wp\/v2\/types\/post"}],"author":[{"embeddable":true,"href":"https:\/\/www.giurgiuveanul.ro\/stiri\/wp-json\/wp\/v2\/users\/1"}],"replies":[{"embeddable":true,"href":"https:\/\/www.giurgiuveanul.ro\/stiri\/wp-json\/wp\/v2\/comments?post=50570"}],"version-history":[{"count":0,"href":"https:\/\/www.giurgiuveanul.ro\/stiri\/wp-json\/wp\/v2\/posts\/50570\/revisions"}],"wp:attachment":[{"href":"https:\/\/www.giurgiuveanul.ro\/stiri\/wp-json\/wp\/v2\/media?parent=50570"}],"wp:term":[{"taxonomy":"category","embeddable":true,"href":"https:\/\/www.giurgiuveanul.ro\/stiri\/wp-json\/wp\/v2\/categories?post=50570"},{"taxonomy":"post_tag","embeddable":true,"href":"https:\/\/www.giurgiuveanul.ro\/stiri\/wp-json\/wp\/v2\/tags?post=50570"}],"curies":[{"name":"wp","href":"https:\/\/api.w.org\/{rel}","templated":true}]}}