{"id":50578,"date":"2018-03-11T16:46:51","date_gmt":"2018-03-11T14:46:51","guid":{"rendered":"https:\/\/www.giurgiuveanul.ro\/stiri\/?p=50578"},"modified":"2018-03-11T16:46:51","modified_gmt":"2018-03-11T14:46:51","slug":"se-cauta-bucatar-sef-cu-experienta","status":"publish","type":"post","link":"https:\/\/www.giurgiuveanul.ro\/stiri\/se-cauta-bucatar-sef-cu-experienta\/","title":{"rendered":"Se caut\u0103 buc\u0103tar \u015fef&#8230; cu experien\u0163\u0103!"},"content":{"rendered":"<p style=\"text-align: justify;\"><strong><a href=\"https:\/\/www.giurgiuveanul.ro\/stiri\/wp-content\/uploads\/2018\/03\/AAEAAQAAAAAAAAr6AAAAJGQ0YmJlMWQzLWEwZWQtNGY5My1hODhjLTdlMmZlMmNhNTUxZA.jpg\"><img loading=\"lazy\" decoding=\"async\" class=\"aligncenter size-large wp-image-50579\" src=\"https:\/\/www.giurgiuveanul.ro\/stiri\/wp-content\/uploads\/2018\/03\/AAEAAQAAAAAAAAr6AAAAJGQ0YmJlMWQzLWEwZWQtNGY5My1hODhjLTdlMmZlMmNhNTUxZA-560x373.jpg\" alt=\"AAEAAQAAAAAAAAr6AAAAJGQ0YmJlMWQzLWEwZWQtNGY5My1hODhjLTdlMmZlMmNhNTUxZA\" width=\"560\" height=\"373\" srcset=\"https:\/\/www.giurgiuveanul.ro\/stiri\/wp-content\/uploads\/2018\/03\/AAEAAQAAAAAAAAr6AAAAJGQ0YmJlMWQzLWEwZWQtNGY5My1hODhjLTdlMmZlMmNhNTUxZA-560x373.jpg 560w, https:\/\/www.giurgiuveanul.ro\/stiri\/wp-content\/uploads\/2018\/03\/AAEAAQAAAAAAAAr6AAAAJGQ0YmJlMWQzLWEwZWQtNGY5My1hODhjLTdlMmZlMmNhNTUxZA-250x167.jpg 250w, https:\/\/www.giurgiuveanul.ro\/stiri\/wp-content\/uploads\/2018\/03\/AAEAAQAAAAAAAAr6AAAAJGQ0YmJlMWQzLWEwZWQtNGY5My1hODhjLTdlMmZlMmNhNTUxZA-400x267.jpg 400w, https:\/\/www.giurgiuveanul.ro\/stiri\/wp-content\/uploads\/2018\/03\/AAEAAQAAAAAAAAr6AAAAJGQ0YmJlMWQzLWEwZWQtNGY5My1hODhjLTdlMmZlMmNhNTUxZA.jpg 2000w\" sizes=\"auto, (max-width: 560px) 100vw, 560px\" \/><\/a>Restaurantul <!--more-->\u201ePerla\u201d, din Portul Giurgiu, angajeaz\u0103 buc\u0103tar \u015fef, cu experien\u0163\u0103 \u00een buc\u0103t\u0103rie tradi\u0163ional\u0103, interna\u0163ional\u0103 \u015fi pe evenimente.<\/strong><\/p>\n<p style=\"text-align: justify;\">Se caut\u0103 o persoan\u0103 responsabil\u0103, cu bune abilit\u0103\u0163i organizatorice \u015fi de conducere.<\/p>\n<p style=\"text-align: justify;\">Se ofer\u0103 salariu motivant, pe m\u0103sura experien\u0163ei \u015fi responsabilit\u0103\u0163ilor postului, contract de munc\u0103 pe termen nedeterminat \u015fi posibilitatea de afirmare \u00eentr-un restaurant de top din Giurgiu!<\/p>\n<p style=\"text-align: justify;\">Pentru detalii \u015fi interviu, suna\u0163i la telefon <strong>0723.921.959.<\/strong><\/p>\n","protected":false},"excerpt":{"rendered":"<p>Restaurantul<\/p>\n","protected":false},"author":1,"featured_media":0,"comment_status":"open","ping_status":"open","sticky":false,"template":"","format":"standard","meta":{"footnotes":""},"categories":[6],"tags":[],"class_list":["post-50578","post","type-post","status-publish","format-standard","hentry","category-breaking-news"],"_links":{"self":[{"href":"https:\/\/www.giurgiuveanul.ro\/stiri\/wp-json\/wp\/v2\/posts\/50578","targetHints":{"allow":["GET"]}}],"collection":[{"href":"https:\/\/www.giurgiuveanul.ro\/stiri\/wp-json\/wp\/v2\/posts"}],"about":[{"href":"https:\/\/www.giurgiuveanul.ro\/stiri\/wp-json\/wp\/v2\/types\/post"}],"author":[{"embeddable":true,"href":"https:\/\/www.giurgiuveanul.ro\/stiri\/wp-json\/wp\/v2\/users\/1"}],"replies":[{"embeddable":true,"href":"https:\/\/www.giurgiuveanul.ro\/stiri\/wp-json\/wp\/v2\/comments?post=50578"}],"version-history":[{"count":0,"href":"https:\/\/www.giurgiuveanul.ro\/stiri\/wp-json\/wp\/v2\/posts\/50578\/revisions"}],"wp:attachment":[{"href":"https:\/\/www.giurgiuveanul.ro\/stiri\/wp-json\/wp\/v2\/media?parent=50578"}],"wp:term":[{"taxonomy":"category","embeddable":true,"href":"https:\/\/www.giurgiuveanul.ro\/stiri\/wp-json\/wp\/v2\/categories?post=50578"},{"taxonomy":"post_tag","embeddable":true,"href":"https:\/\/www.giurgiuveanul.ro\/stiri\/wp-json\/wp\/v2\/tags?post=50578"}],"curies":[{"name":"wp","href":"https:\/\/api.w.org\/{rel}","templated":true}]}}