{"id":50591,"date":"2018-03-12T08:37:37","date_gmt":"2018-03-12T06:37:37","guid":{"rendered":"https:\/\/www.giurgiuveanul.ro\/stiri\/?p=50591"},"modified":"2018-03-12T08:37:37","modified_gmt":"2018-03-12T06:37:37","slug":"informatii-oficiale-de-la-politie-despre-accidentul-rutier-produs-pe-dn-5-la-calugareni","status":"publish","type":"post","link":"https:\/\/www.giurgiuveanul.ro\/stiri\/informatii-oficiale-de-la-politie-despre-accidentul-rutier-produs-pe-dn-5-la-calugareni\/","title":{"rendered":"Informa\u0163ii oficiale de la Poli\u0163ie\u2026 despre accidentul rutier produs pe DN 5, la C\u0103lug\u0103reni"},"content":{"rendered":"<p style=\"text-align: justify;\"><strong><a href=\"https:\/\/www.giurgiuveanul.ro\/stiri\/wp-content\/uploads\/2018\/03\/IMG-20180311-WA0024.jpg\"><img loading=\"lazy\" decoding=\"async\" class=\"aligncenter size-large wp-image-50584\" src=\"https:\/\/www.giurgiuveanul.ro\/stiri\/wp-content\/uploads\/2018\/03\/IMG-20180311-WA0024-560x315.jpg\" alt=\"IMG-20180311-WA0024\" width=\"560\" height=\"315\" srcset=\"https:\/\/www.giurgiuveanul.ro\/stiri\/wp-content\/uploads\/2018\/03\/IMG-20180311-WA0024-560x315.jpg 560w, https:\/\/www.giurgiuveanul.ro\/stiri\/wp-content\/uploads\/2018\/03\/IMG-20180311-WA0024-250x141.jpg 250w, https:\/\/www.giurgiuveanul.ro\/stiri\/wp-content\/uploads\/2018\/03\/IMG-20180311-WA0024-400x225.jpg 400w, https:\/\/www.giurgiuveanul.ro\/stiri\/wp-content\/uploads\/2018\/03\/IMG-20180311-WA0024.jpg 1328w\" sizes=\"auto, (max-width: 560px) 100vw, 560px\" \/><\/a>A\u015fa dup\u0103 cum v-am mai inforrmat, un accident de circula\u021bie s-a petrecut ieri, \u00een jurul orelor<!--more--> 19.00, pe DN5, \u00een localitatea C\u0103lug\u0103reni, pe sensul de mers c\u0103tre Giurgiu.<\/strong><\/p>\n<p style=\"text-align: justify;\">O coliziune s-a produs \u00eentre dou\u0103 autoturisme, dup\u0103 ce \u0219oferul unuia dintre acestea, un b\u0103rbat, de 38 de ani din Bucuresti, nu a p\u0103strat distan\u021ba regulamentar\u0103 fa\u021b\u0103 de autoturismul care circula \u00een fa\u021ba sa.<\/p>\n<p style=\"text-align: justify;\">\u00cen autoturismul care a produs accidentul\u00a0 se aflau \u0219oferul,so\u021bia \u0219i copilul acestora,iar \u00een cel\u0103lalt \u0219oferul,un b\u0103rbat din Malu, so\u021bia acestuia \u0219i doi copii.<\/p>\n<p style=\"text-align: justify;\">\u00cen urma accidentului au rezultat trei victime, toate din autoturismul lovit, acestea fiind transportate la unit\u0103\u021bi spitalice\u0219ti din Bucure\u0219ti.<\/p>\n","protected":false},"excerpt":{"rendered":"<p>A\u015fa dup\u0103 cum v-am mai inforrmat, un accident de circula\u021bie s-a petrecut ieri, \u00een jurul orelor<\/p>\n","protected":false},"author":1,"featured_media":0,"comment_status":"open","ping_status":"open","sticky":false,"template":"","format":"standard","meta":{"footnotes":""},"categories":[6],"tags":[],"class_list":["post-50591","post","type-post","status-publish","format-standard","hentry","category-breaking-news"],"_links":{"self":[{"href":"https:\/\/www.giurgiuveanul.ro\/stiri\/wp-json\/wp\/v2\/posts\/50591","targetHints":{"allow":["GET"]}}],"collection":[{"href":"https:\/\/www.giurgiuveanul.ro\/stiri\/wp-json\/wp\/v2\/posts"}],"about":[{"href":"https:\/\/www.giurgiuveanul.ro\/stiri\/wp-json\/wp\/v2\/types\/post"}],"author":[{"embeddable":true,"href":"https:\/\/www.giurgiuveanul.ro\/stiri\/wp-json\/wp\/v2\/users\/1"}],"replies":[{"embeddable":true,"href":"https:\/\/www.giurgiuveanul.ro\/stiri\/wp-json\/wp\/v2\/comments?post=50591"}],"version-history":[{"count":0,"href":"https:\/\/www.giurgiuveanul.ro\/stiri\/wp-json\/wp\/v2\/posts\/50591\/revisions"}],"wp:attachment":[{"href":"https:\/\/www.giurgiuveanul.ro\/stiri\/wp-json\/wp\/v2\/media?parent=50591"}],"wp:term":[{"taxonomy":"category","embeddable":true,"href":"https:\/\/www.giurgiuveanul.ro\/stiri\/wp-json\/wp\/v2\/categories?post=50591"},{"taxonomy":"post_tag","embeddable":true,"href":"https:\/\/www.giurgiuveanul.ro\/stiri\/wp-json\/wp\/v2\/tags?post=50591"}],"curies":[{"name":"wp","href":"https:\/\/api.w.org\/{rel}","templated":true}]}}