{"id":50593,"date":"2018-03-12T09:17:04","date_gmt":"2018-03-12T07:17:04","guid":{"rendered":"https:\/\/www.giurgiuveanul.ro\/stiri\/?p=50593"},"modified":"2018-03-12T09:17:04","modified_gmt":"2018-03-12T07:17:04","slug":"grefierii-ameninta-cu-proteste-nemultumiti-de-salarii-si-de-conditiile-de-munca","status":"publish","type":"post","link":"https:\/\/www.giurgiuveanul.ro\/stiri\/grefierii-ameninta-cu-proteste-nemultumiti-de-salarii-si-de-conditiile-de-munca\/","title":{"rendered":"Grefierii amenin\u0163\u0103 cu proteste, nemul\u0163umi\u0163i de salarii \u015fi de condi\u0163iile de munc\u0103"},"content":{"rendered":"<p style=\"text-align: justify;\"><strong><a href=\"https:\/\/www.giurgiuveanul.ro\/stiri\/wp-content\/uploads\/2018\/03\/grefieri_83990100.jpg\"><img loading=\"lazy\" decoding=\"async\" class=\"aligncenter size-large wp-image-50594\" src=\"https:\/\/www.giurgiuveanul.ro\/stiri\/wp-content\/uploads\/2018\/03\/grefieri_83990100-560x315.jpg\" alt=\"grefieri_83990100\" width=\"560\" height=\"315\" srcset=\"https:\/\/www.giurgiuveanul.ro\/stiri\/wp-content\/uploads\/2018\/03\/grefieri_83990100-560x315.jpg 560w, https:\/\/www.giurgiuveanul.ro\/stiri\/wp-content\/uploads\/2018\/03\/grefieri_83990100-250x141.jpg 250w, https:\/\/www.giurgiuveanul.ro\/stiri\/wp-content\/uploads\/2018\/03\/grefieri_83990100-400x225.jpg 400w, https:\/\/www.giurgiuveanul.ro\/stiri\/wp-content\/uploads\/2018\/03\/grefieri_83990100.jpg 620w\" sizes=\"auto, (max-width: 560px) 100vw, 560px\" \/><\/a>Grefierii <!--more-->amenin\u0163\u0103 cu proteste, reclam\u00e2nd c\u0103 salariile nu au fost uniformizate, fiind a doua lun\u0103 \u00een care acestea sunt caclculate gre\u015fti \u015fi cer implicarea ministrului Justi\u0163iei. De asemenea, ei solicit\u0103 o salarizare adecvat\u0103 \u015fi unitar\u0103, \u00eembun\u0103t\u0103\u0163irea condi\u0163iilor de munc\u0103, plata orelor suplimentare, suplimentarea personalului \u015fi un nou statut al profesiei.<\/strong><\/p>\n<p style=\"text-align: justify;\"><em>&#8222;Nici p\u00e2n\u0103 la acest moment, salariile acordate nu sunt uniformizate la nivel na\u0163ional, conform modului de calcul aplicat de Curtea de Apel Bac\u0103u, indicat \u015fi de Ministerul Muncii \u015fi Justi\u0163iei Sociale ca fiind cel corect \u015fi agreat de Curtea de Conturi. Ordonatorii secundari de credite refuz\u0103 s\u0103 calculeze salariile, astfel cum au fost stabilite de Curtea de Apel Bac\u0103u, justific\u00e2ndu-\u015fi refuzul pe lipsa Regulamentului-cadru privind stabilirea locurilor de munc\u0103, a categoriilor de personal, m\u0103rimea concret\u0103 a sporului pentru condi\u0163ii de munc\u0103, precum \u015fi condi\u0163iile de acordare a acestuia pentru familia ocupa\u0163ional\u0103 de func\u0163ii bugetare \u201eJusti\u0163ie\u201d \u015fi Curtea Constitu\u0163ional\u0103 (&#8230;), consecin\u0163a fiind neacordarea sporului pentru condi\u0163ii deosebite personalului auxiliar de specialitate \u015fi conex&#8221;, adud\u0163in grefierii, apreciind c\u0103 se impune &#8222;interven\u0163ia Ministrului Justi\u0163iei la Guvernul Rom\u00e2niei pentru emiterea Hot\u0103r\u00e2rii de Guvern de aprobare a Regulamentului-cadru&#8221; \u015fi &#8222;interven\u0163ia expres\u0103 a Ministrului Justi\u0163iei la nivelul ordonatorilor secundari de credite pentru aplicarea unitar\u0103 a acestui mod de calcul, prin elaborarea unor norme metodologice unitare de calcul a drepturilor salariale (grile de salarizare)&#8221;<\/em>, potrivit\u00a0<a href=\"https:\/\/www.news.ro\/social\/grefierii-ameninta-cu-proteste-nemultumiti-de-salarii-si-de-conditiile-de-munca-1922405512002018030717949646\">news.ro<\/a>.<\/p>\n<p style=\"text-align: justify;\">Ei consider\u0103 c\u0103 au un loc \u015fi un rol important \u00een \u00eenf\u0103ptuirea actului de justi\u0163ie, reprezent\u00e2nd \u201dmotorul\u201d fiec\u0103rei instan\u0163e \u015fi fiec\u0103rui parchet,<\/p>\n<p style=\"text-align: justify;\">Grefierii se declar\u0103 dispu\u015fi s\u0103 apeleze la mi\u015fc\u0103ri de protest, &#8222;inclusiv prin \u00eentreruperea temporar\u0103 \u015fi chiar total\u0103 a activit\u0103\u0163ii&#8221;, <em>&#8222;\u00eentruc\u00e2t au trecut mai mult de 5 luni de zile de la data la care trebuiau stabilite locurile de munc\u0103 \u015fi categoriile de personal, precum \u015fi m\u0103rimea exact\u0103 a sporului pentru condi\u0163ii de munc\u0103, fiind a doua lun\u0103 consecutiv \u00een care salariile categoriei noastre profesionale sunt calculate gre\u015fit, la care se adaug\u0103 pasivitatea ministrului justi\u0163iei, de neconceput \u00een ceea ce prive\u015fte categoria personalului auxiliar de specialitate \u015fi conex, cea mai numeroas\u0103 categorie profesional\u0103 a sistemului judiciar, aproximativ 8000 de angaja\u0163i \u015fi de care ministrul justi\u0163iei, efectiv, \u201da uitat\u201d c\u0103 exist\u0103, de\u015fi de mai bine de un an \u015fi jum\u0103tate au fost \u00eenteprinse demersuri cu privire la: o salarizare adecvat\u0103 \u015fi unitar\u0103, \u00eembun\u0103t\u0103\u0163irea condi\u0163iilor de munc\u0103, plata orelor suplimentare, suplimentarea schemelor de personal, adoptarea unui nou statut pentru profesie, modificarea condi\u0163iilor privind acordarea pensiei de serviciu&#8221;<\/em>.<\/p>\n","protected":false},"excerpt":{"rendered":"<p>Grefierii<\/p>\n","protected":false},"author":1,"featured_media":0,"comment_status":"open","ping_status":"open","sticky":false,"template":"","format":"standard","meta":{"footnotes":""},"categories":[6],"tags":[],"class_list":["post-50593","post","type-post","status-publish","format-standard","hentry","category-breaking-news"],"_links":{"self":[{"href":"https:\/\/www.giurgiuveanul.ro\/stiri\/wp-json\/wp\/v2\/posts\/50593","targetHints":{"allow":["GET"]}}],"collection":[{"href":"https:\/\/www.giurgiuveanul.ro\/stiri\/wp-json\/wp\/v2\/posts"}],"about":[{"href":"https:\/\/www.giurgiuveanul.ro\/stiri\/wp-json\/wp\/v2\/types\/post"}],"author":[{"embeddable":true,"href":"https:\/\/www.giurgiuveanul.ro\/stiri\/wp-json\/wp\/v2\/users\/1"}],"replies":[{"embeddable":true,"href":"https:\/\/www.giurgiuveanul.ro\/stiri\/wp-json\/wp\/v2\/comments?post=50593"}],"version-history":[{"count":0,"href":"https:\/\/www.giurgiuveanul.ro\/stiri\/wp-json\/wp\/v2\/posts\/50593\/revisions"}],"wp:attachment":[{"href":"https:\/\/www.giurgiuveanul.ro\/stiri\/wp-json\/wp\/v2\/media?parent=50593"}],"wp:term":[{"taxonomy":"category","embeddable":true,"href":"https:\/\/www.giurgiuveanul.ro\/stiri\/wp-json\/wp\/v2\/categories?post=50593"},{"taxonomy":"post_tag","embeddable":true,"href":"https:\/\/www.giurgiuveanul.ro\/stiri\/wp-json\/wp\/v2\/tags?post=50593"}],"curies":[{"name":"wp","href":"https:\/\/api.w.org\/{rel}","templated":true}]}}