{"id":50596,"date":"2018-03-12T13:46:52","date_gmt":"2018-03-12T11:46:52","guid":{"rendered":"https:\/\/www.giurgiuveanul.ro\/stiri\/?p=50596"},"modified":"2018-03-12T13:46:52","modified_gmt":"2018-03-12T11:46:52","slug":"sofer-turc-arestat-pentru-trafic-de-migranti","status":"publish","type":"post","link":"https:\/\/www.giurgiuveanul.ro\/stiri\/sofer-turc-arestat-pentru-trafic-de-migranti\/","title":{"rendered":"\u0218ofer turc, arestat pentru trafic de migran\u021bi"},"content":{"rendered":"<p style=\"text-align: justify;\"><strong><a href=\"https:\/\/www.giurgiuveanul.ro\/stiri\/wp-content\/uploads\/2018\/03\/arestat-2-968x460.jpg\"><img loading=\"lazy\" decoding=\"async\" class=\"aligncenter size-large wp-image-50597\" src=\"https:\/\/www.giurgiuveanul.ro\/stiri\/wp-content\/uploads\/2018\/03\/arestat-2-968x460-560x266.jpg\" alt=\"arestat-2-968x460\" width=\"560\" height=\"266\" srcset=\"https:\/\/www.giurgiuveanul.ro\/stiri\/wp-content\/uploads\/2018\/03\/arestat-2-968x460-560x266.jpg 560w, https:\/\/www.giurgiuveanul.ro\/stiri\/wp-content\/uploads\/2018\/03\/arestat-2-968x460-250x119.jpg 250w, https:\/\/www.giurgiuveanul.ro\/stiri\/wp-content\/uploads\/2018\/03\/arestat-2-968x460-400x190.jpg 400w, https:\/\/www.giurgiuveanul.ro\/stiri\/wp-content\/uploads\/2018\/03\/arestat-2-968x460.jpg 968w\" sizes=\"auto, (max-width: 560px) 100vw, 560px\" \/><\/a>Poli\u0163i\u015ftii <!--more-->de frontier\u0103 giurgiuveni au descoperit doi cet\u0103\u0163eni irakieni, care au \u00eencercat s\u0103 intre ilegal \u00een \u021bar\u0103, ocolind punctul de frontier\u0103.<\/strong><\/p>\n<p style=\"text-align: justify;\"><strong>\u0218oferul camionului cu care cei doi cet\u0103\u021beni irakieni au c\u0103l\u0103torit ilegal p\u00e2n\u0103 \u00een apropierea punctului de frontier\u0103 a fost arestat preventiv pentru 30 de zile, iar migran\u021bii au fost preda\u021bi autorit\u0103\u021bilor de frontier\u0103 bulgare.<\/strong><\/p>\n<p style=\"text-align: justify;\">\u00cen data de 10.03.2018, ora 01.00, poli\u021bi\u0219tii de frontier\u0103 giurgiuveni au depistat dou\u0103 persoane de origine irakian\u0103 care au \u00eencercat s\u0103 intre ilegal \u00een Rom\u00e2nia, \u00eencerc\u00e2nd s\u0103 ocoleasc\u0103 Punctul de Trecere a Frontierei Giurgiu.<\/p>\n<p style=\"text-align: justify;\">Cu ocazia cercet\u0103rilor, poli\u021bi\u0219tii de frontier\u0103 au stabilit c\u0103 cele dou\u0103 persoane sunt cet\u0103\u0163eni irakieni F.J. \u00een v\u00e2rst\u0103 de 34 de ani \u0219i H.N. \u00een v\u00e2rst\u0103 de 28 de ani. Ace\u0219tia au declarat c\u0103 au c\u0103l\u0103torit din Istanbul c\u0103tre Rom\u00e2nia \u00een cabina unui autocamion, iar \u00een momentul \u00een care se apropiau de un punct de trecere a frontierei erau urca\u021bi de \u0219oferul camionului pe \u0219asiu.<\/p>\n<p style=\"text-align: justify;\">Poli\u021bi\u0219tii de frontier\u0103 au identificat autocamionul \u00een care au c\u0103l\u0103torit cele dou\u0103 persoane p\u00e2n\u0103 \u00een P.T.F Giurgiu, precum \u0219i pe \u0219oferul acestuia &#8211; cet\u0103\u0163eanul turc O.O., \u00een v\u00e2rst\u0103 de 47 ani.<\/p>\n<p style=\"text-align: justify;\">Cet\u0103\u021benii irakieni au fost preda\u021bi, conform protocolului rom\u00e2no &#8211; bulgar, Poli\u0163iei de Frontier\u0103 Bulgare \u00een vederea continu\u0103rii cercet\u0103rilor, iar \u0219oferul camionului a fost prezentat judec\u0103torului de drepturi \u0219i libert\u0103\u021bi din cadrul Tribunalului Giurgiu care a admis propunerea procurorului de caz de a fi arestat pentru 30 de zile.<\/p>\n","protected":false},"excerpt":{"rendered":"<p>Poli\u0163i\u015ftii<\/p>\n","protected":false},"author":1,"featured_media":0,"comment_status":"open","ping_status":"open","sticky":false,"template":"","format":"standard","meta":{"footnotes":""},"categories":[6],"tags":[],"class_list":["post-50596","post","type-post","status-publish","format-standard","hentry","category-breaking-news"],"_links":{"self":[{"href":"https:\/\/www.giurgiuveanul.ro\/stiri\/wp-json\/wp\/v2\/posts\/50596","targetHints":{"allow":["GET"]}}],"collection":[{"href":"https:\/\/www.giurgiuveanul.ro\/stiri\/wp-json\/wp\/v2\/posts"}],"about":[{"href":"https:\/\/www.giurgiuveanul.ro\/stiri\/wp-json\/wp\/v2\/types\/post"}],"author":[{"embeddable":true,"href":"https:\/\/www.giurgiuveanul.ro\/stiri\/wp-json\/wp\/v2\/users\/1"}],"replies":[{"embeddable":true,"href":"https:\/\/www.giurgiuveanul.ro\/stiri\/wp-json\/wp\/v2\/comments?post=50596"}],"version-history":[{"count":0,"href":"https:\/\/www.giurgiuveanul.ro\/stiri\/wp-json\/wp\/v2\/posts\/50596\/revisions"}],"wp:attachment":[{"href":"https:\/\/www.giurgiuveanul.ro\/stiri\/wp-json\/wp\/v2\/media?parent=50596"}],"wp:term":[{"taxonomy":"category","embeddable":true,"href":"https:\/\/www.giurgiuveanul.ro\/stiri\/wp-json\/wp\/v2\/categories?post=50596"},{"taxonomy":"post_tag","embeddable":true,"href":"https:\/\/www.giurgiuveanul.ro\/stiri\/wp-json\/wp\/v2\/tags?post=50596"}],"curies":[{"name":"wp","href":"https:\/\/api.w.org\/{rel}","templated":true}]}}